{"id":812,"date":"2018-10-19T18:00:08","date_gmt":"2018-10-19T16:00:08","guid":{"rendered":"http:\/\/bozon2x.be\/blog\/?p=812"},"modified":"2018-10-19T11:35:20","modified_gmt":"2018-10-19T09:35:20","slug":"elfes-et-fees-domestiques-premier-episode","status":"publish","type":"post","link":"https:\/\/bozon2x.be\/blog\/elfes-et-fees-domestiques-premier-episode\/","title":{"rendered":"Elfes et f\u00e9es domestiques : premier \u00e9pisode"},"content":{"rendered":"<p><strong>Premi\u00e8res analyses<\/strong><\/p>\n<p>Volet\u00a0\u00ab\u00a0Imaginaire, art &amp; croyances\u00a0\u00bb.<\/p>\n<p>L\u2019Homme est cern\u00e9 \u00e0 travers les cr\u00e9ations de son esprit.<\/p>\n<p style=\"text-align: right;\"><strong>J\u00e9r\u00f4me Pitriol<\/strong><\/p>\n<p><a href=\"https:\/\/i0.wp.com\/bozon2x.be\/blog\/wp-content\/uploads\/2018\/10\/elfes-fees0.png?ssl=1\"><img data-recalc-dims=\"1\" loading=\"lazy\" decoding=\"async\" data-attachment-id=\"820\" data-permalink=\"https:\/\/bozon2x.be\/blog\/elfes-et-fees-domestiques-premier-episode\/elfes-fees0\/\" data-orig-file=\"https:\/\/i0.wp.com\/bozon2x.be\/blog\/wp-content\/uploads\/2018\/10\/elfes-fees0.png?fit=466%2C700&amp;ssl=1\" data-orig-size=\"466,700\" data-comments-opened=\"1\" data-image-meta=\"{&quot;aperture&quot;:&quot;0&quot;,&quot;credit&quot;:&quot;&quot;,&quot;camera&quot;:&quot;&quot;,&quot;caption&quot;:&quot;&quot;,&quot;created_timestamp&quot;:&quot;0&quot;,&quot;copyright&quot;:&quot;&quot;,&quot;focal_length&quot;:&quot;0&quot;,&quot;iso&quot;:&quot;0&quot;,&quot;shutter_speed&quot;:&quot;0&quot;,&quot;title&quot;:&quot;&quot;,&quot;orientation&quot;:&quot;0&quot;}\" data-image-title=\"elfes-&amp;#038;-fees0\" data-image-description=\"\" data-image-caption=\"\" data-large-file=\"https:\/\/i0.wp.com\/bozon2x.be\/blog\/wp-content\/uploads\/2018\/10\/elfes-fees0.png?fit=466%2C700&amp;ssl=1\" class=\"aligncenter size-full wp-image-820\" src=\"https:\/\/i0.wp.com\/bozon2x.be\/blog\/wp-content\/uploads\/2018\/10\/elfes-fees0.png?resize=466%2C700&#038;ssl=1\" alt=\"\" width=\"466\" height=\"700\" srcset=\"https:\/\/i0.wp.com\/bozon2x.be\/blog\/wp-content\/uploads\/2018\/10\/elfes-fees0.png?w=466&amp;ssl=1 466w, https:\/\/i0.wp.com\/bozon2x.be\/blog\/wp-content\/uploads\/2018\/10\/elfes-fees0.png?resize=200%2C300&amp;ssl=1 200w\" sizes=\"auto, (max-width: 466px) 100vw, 466px\" \/><\/a><\/p>\n<p><strong>F\u00e9e le toi-m\u00eame<\/strong><\/p>\n<p>\u2014\u00a0 Ouf nous y sommes, la voil\u00e0 enfin mont\u00e9e cette satan\u00e9e table, soupira Consciensus.<br \/>\n\u2014\u00a0 Oui, roucoula Stradivarius tout en savourant le moment.<\/p>\n<p>Enfin la salle \u00e0 manger \u00e9tait pr\u00e9sentable\u00a0: une table, quatre jolies chaises en panier perc\u00e9, et une vieille statue r\u00e9cup\u00e9r\u00e9e chez Tantine Ozon qui l\u2019avait elle-m\u00eame gagn\u00e9e \u00e0 un concours de blattes.<\/p>\n<p>Soudain, Stradivarius s\u2019\u00e9trangla et tout en d\u00e9signant la table dit\u00a0:<\/p>\n<p>\u2014\u00a0 Aargh\u00a0!<br \/>\n\u2014\u00a0 Que se passe-t-il ma Colombe\u00a0? intervint, non sans une certaine ing\u00e9niosit\u00e9 (vous en conviendrez), Consciensus.<br \/>\n\u2014\u00a0 L\u00e0\u00a0! Une tache\u00a0! Qu\u2019allons-nous devenir\u00a0?<\/p>\n<p>Consciensus observa la table, puis s\u2019enfuit en direction du placard \u00e0 balais et revint avec une bouteille \u00e0 l\u2019allure originale puisqu\u2019elle \u00e9tait longue et \u00e9tir\u00e9e avec au-dessus un dr\u00f4le de chapeau avec un trou.<\/p>\n<p>Consciensus appuya sur une mini manette et un produit s\u2019en \u00e9chappa, \u00e9claboussant la table et la mouchetant d\u2019\u00e9l\u00e9gantes taches blanches.<\/p>\n<p>\u2014\u00a0 Ooh\u00a0! s\u2019\u00e9cria Stradivarius<\/p>\n<p>Mais d\u00e9j\u00e0, Consciensus sortait de sa poche une serpilli\u00e8re et essuyait la table qui redevenait d\u2019une splendeur \u00e0 vous faire pleurer les yeux.<\/p>\n<p>\u2014\u00a0 Tu es merveilleux, \u00f4 mon Consciensus\u00a0!<br \/>\n\u2014\u00a0 Je ne puis te contredire, ma Colombe, mais \u00e0 l\u2019avenir \u00ab\u00a0f\u00e9e le toi-m\u00eame\u00a0\u00bb\u00a0!<\/p>\n<p style=\"text-align: right;\"><strong>Minily &amp; Souris<\/strong><\/p>\n<p>&nbsp;<\/p>\n<p><strong>F\u00e9e attention<\/strong><\/p>\n<p>O\u00f9 commence vraiment la f\u00e9erie\u00a0?<br \/>\nLa vie qui, je le rappelle au passage, est une succession de joies et de peines, n\u2019est pas tr\u00e8s claire \u00e0 ce sujet.<br \/>\nL\u2019auteur(e) non plus.<br \/>\nSon roman, tr\u00e8s g\u00e9n\u00e9reux au demeurant, nous entra\u00eene dans un vestibule de truffes, une grenouill\u00e8re de pate d\u2019amandes, une bouteille de vin blanc bien frais, un vieux rosier dess\u00e9ch\u00e9.<br \/>\nStradivirus, Conscientibus\u00a0?<br \/>\nPouvons-nous vraiment nous fier \u00e0 de tels personnages\u00a0?<br \/>\nNe sont-ils pas troph\u00e9es\u00a0?<br \/>\nIls gravitent, silencieusement bavards, comme des cariatides repues en mal de r\u00e9gime prol\u00e9tarien.<br \/>\nLeurs faits et gestes appartiennent d\u00e9j\u00e0 au futur best-seller\u2026<br \/>\nOn pense alors (fatalement) au cynisme de G\u00e9rard Lauzier,\u00a0on pense \u00e0 l\u2019argot de Michel Audiard, et on se rend compte que, visiblement, notre auteur(e) ne s\u2019en pr\u00e9occupe gu\u00e8re.<br \/>\nAurait-elle pris, elle aussi, comme ce bon Philippe Sarr, de la hauteur en montgolfi\u00e8re\u00a0?<br \/>\nSon trait est cassant et r\u00e9clame aux tables tournantes une hygi\u00e8ne spartiate.<br \/>\nEh bien, qu\u2019\u00e0 cela ne tienne, m\u00eame si Henri Potier n\u2019est pas vraiment au rendez-vous dans l\u2019univers cit\u00e9 de Boudelard, nous prendrons grand soin de sa girouette.<\/p>\n<p style=\"text-align: right;\"><strong>Georgie de Saint-Maur<\/strong><\/p>\n<p>&nbsp;<\/p>\n<p><strong>Courtex <\/strong><\/p>\n<p>\u2014 Bonne Ann\u00e9e Tante Ozon\u00a0! Et pour la f\u00eater, de merveilleux fondants, pour toi et oncle N\u00e9n\u00e9.<br \/>\n\u2014 Que c\u2019est aimable \u00e0 toi.<\/p>\n<p>(Et se tournant vers sa belle-s\u0153ur, Lulu, de lui murmurer\u00a0: \u00ab\u00a0Je d\u00e9teste les fondants, mais je trouverai toujours bien quelqu\u2019un \u00e0 qui les refiler\u00a0\u00bb).<\/p>\n<p>Quelques semaines plus tard,<\/p>\n<p>\u2014 Bon anniversaire ma Lulu, lui dit Ozon, en lui mettant sous le nez\u2026. la bo\u00eete de fondants.<\/p>\n<p style=\"text-align: right;\"><strong>(Alfred Arnaque \u00ab <em>Les cahiers de Nise<\/em>\u00bb)<\/strong><\/p>\n<p>&nbsp;<\/p>\n<p><strong>F\u00e9es et gestes <\/strong>(Georgie de Saint-Maur)<\/p>\n<p>Je ne veux plus parler de Phixioneur.<br \/>\nCe n\u2019est qu\u2019un leurre.<br \/>\nLe genre de l\u2019heure que l\u2019on instille pour cr\u00e9er un fil rouge.<br \/>\nLecteur, rebelle-toi\u00a0!<br \/>\nTu peux sauter des pages\u2026<\/p>\n<p>&nbsp;<\/p>\n<p><strong>F\u00e9e d\u2019hiver\u00a0!<\/strong><\/p>\n<p>Pourquoi une table\u00a0?<br \/>\nC\u2019est la question, plus qu\u2019ambig\u00fce, que l\u2019on posa \u00e0 l\u2019auteur(e) une fois son crime commis. Certes, l\u2019indice faisait tache, regrettait le pr\u00e9sident de la Cour, pourtant accoutum\u00e9 \u00e0 ce type de faits divers.<\/p>\n<p>Ce \u00e0 quoi notre auteur(e), ayant subrepticement sorti de son sac \u00e0 main sa bombe antitaches, aurait r\u00e9torqu\u00e9 d\u2019une voix suave, s\u00fbre d\u2019elle\u00a0: je peux vous aider, si vous le souhaitez\u00a0! Ce qui aurait donc provoqu\u00e9 l\u2019hilarit\u00e9 de la salle d\u2019audience.<\/p>\n<p>Le bruit court que l\u2019\u00e9crivaine, l\u2019estomac dans l\u2019\u00e9talon, n\u2019aurait pas support\u00e9 d\u2019attendre qu\u2019on lui ait d\u00e9roul\u00e9 le tapir rouge pour se restaurer. Et que donc elle aurait copieusement insult\u00e9 le ma\u00eetre de c\u00e9r\u00e9monie pr\u00e9sent au \u00ab\u00a0ch\u00e2teau\u00a0\u00bb ce jour l\u00e0.<\/p>\n<p>Avant de s\u2019excuser en blattes excuses.<\/p>\n<p>V\u00eatue d\u2019un Yakun \u00ab\u00a0Blanc du Nil\u00a0\u00bb, l\u2019auteur(e), \u00e0 qui l\u2019on devait remettre sa statuette de meilleur romancier de l\u2019ann\u00e9e pour son livre \u00ab\u00a0Les f\u00e9es m\u00e8res\u00a0\u00bb, aurait tout simplement p\u00e9t\u00e9 un c\u00e2ble \u00e0 la vue d\u2019une tache de vinaigre qui, comme un fait expr\u00e8s, \u00ab\u00a0ornait\u00a0\u00bb la manche droite de son Yakun, et aurait vu rouge. Elle se serait alors exclam\u00e9e\u00a0:<\/p>\n<p>\u00ab\u00a0Dieu est un autre, donc j\u2019alt\u00e8re ego\u00a0\u00bb\u2026<\/p>\n<p>M\u00e9fions-nous toutefois des elfes de manche\u2026<\/p>\n<p style=\"text-align: right;\"><strong>Philippe Sarr<\/strong><\/p>\n<p>&nbsp;<\/p>\n<p><strong>F\u00e9es et gestes <\/strong>(Georgie de Saint-Maur)<\/p>\n<p>\u00ab\u00a0L\u2019elfe Satyricus au Pr\u00e9sident des Optimistes Marcel Achier.<\/p>\n<p>\u2014 F\u00e9e le toi-m\u00eame, f\u00e9e Licit\u00e9, les f\u00e9es m\u00e8res\u2026 Nous ne pouvons pas tomber plus bas, Pr\u00e9sident.<br \/>\n\u2014 Mais si, mais si&#8230;\u00a0\u00bb<\/p>\n<p>&nbsp;<\/p>\n<p><strong>Dans le placard \u00e0 balais<\/strong><\/p>\n<p>Quel auteur n\u2019a jamais r\u00eav\u00e9 d\u2019\u00e9crire un conte merveilleux\u00a0?<\/p>\n<p>On y songe, on en a envie, on imagine une histoire, ou m\u00eame un monde, on \u00e9chafaude un plan, un sc\u00e9nario d\u00e9taill\u00e9, on en vient \u00e0 prendre des notes, parfois en pleine r\u00e9union, ou au fond d\u2019une salle de conf\u00e9rence aux murs engourdis de capitons, on se promet bien de s\u2019y mettre aussit\u00f4t rentr\u00e9 chez soi, et puis on y renonce.<\/p>\n<p>Il y a d\u00e9j\u00e0 ce roman \u00e0 finir, et puis le recueil de nouvelles, sans compter tous ces vieux projets qui sont dans le tiroir du bas de la commode. Et puis surtout il y a la vie qui nous happe. Les pommes de terre \u00e0 \u00e9plucher pour la pur\u00e9e des enfants. Les devoirs, la n\u00e9cessit\u00e9. La facilit\u00e9, aussi. Un beau conte plein de magie, pourtant\u2026 Mais comment faire\u00a0?<\/p>\n<p>Cette romanci\u00e8re y parvient. Il y a bien de la magie l\u00e0-dessous, mais pas seulement. Elle a aussi compris que la magie est dans le placard \u00e0 balais. Et que fait-elle\u00a0?<\/p>\n<p>Elle l\u2019ouvre, tout simplement. Qu\u2019y trouve-t-elle\u00a0?<\/p>\n<p>Des balais, des chiffons, tout un bric-\u00e0-brac. Il suffit de se servir. Elle choisit un flacon de d\u00e9tachant arm\u00e9 d\u2019un petit pistolet \u2013 vous savez, avec le petit tube en plastique qui trempe dans la solution (quand il en reste) et la petite manette pour pomper puis pulv\u00e9riser le produit partout dans la pi\u00e8ce, dont le besoin se fait sentir lorsque vient le temps de nettoyer les surfaces encrass\u00e9es de votre logis. Il ne lui reste plus qu\u2019\u00e0 confier l\u2019objet \u00e0 deux cr\u00e9atures un peu myst\u00e9rieuses, et le charme op\u00e8re.<\/p>\n<p>Nous observons, par le trou d\u2019une serrure (la serrure du placard \u00e0 balais sans doute) une sc\u00e8ne de m\u00e9nage originale\u00a0: une f\u00e9e du logis, Consciensus, nous donne \u00e0 entendre, par chacun de ses mots, chacun de ses gestes, une m\u00e9lodie enveloppante, comme tir\u00e9e de quelque instrument insoup\u00e7onn\u00e9 aux harmonies inou\u00efes\u00a0; face \u00e0 son double monomaniaque, Stradivarius, qui bisse dans un violon et tr\u00e9pigne autour de la table du salon.<\/p>\n<p>Oui, le charme op\u00e8re.<\/p>\n<p>Il y a bien de la magie l\u00e0-dessous, il suffisait de regarder sous le tapis\u00a0!<\/p>\n<p style=\"text-align: right;\"><strong>J\u00e9r\u00f4me Pitriol<\/strong><\/p>\n<p>&nbsp;<\/p>\n<p><strong>F\u00e9es et gestes <\/strong>(Georgie de Saint-Maur)<\/p>\n<p>La f\u00e9e \u00c9lectricit\u00e9 \u00e9tait au courant.<\/p>\n<p><strong>\u00a0<\/strong><\/p>\n<p><strong>Le questionnaire de Louise Berg<\/strong><\/p>\n<p><em>Qui \u00eates-vous, Minily &amp; Souris?<\/em><\/p>\n<p>Votre question est on ne peut plus amusante. Je suis une f\u00e9e ou peut-\u00eatre un elfe de maison\u2026 je papillonne et me pose l\u00e0 o\u00f9 l\u2019\u00e9criture me conduit. Parfois dr\u00f4le, (oui, je suis dr\u00f4le) parfois touchante mais toujours respectueuse des mots. Et comme toute f\u00e9e, je suis un myst\u00e8re. On sait que j\u2019existe mais on a peine \u00e0 y croire.<\/p>\n<p>Alors, on me lit et on sourit\u2026<\/p>\n<p>Par mes ailes, vieux lutin\u00a0: enl\u00e8ve ta main\u00a0!<br \/>\nC\u2019est pas moi\u00a0!<br \/>\nJ\u2019aime mieux \u00e7a\u2026<\/p>\n<p>&nbsp;<\/p>\n<p>&nbsp;<\/p>\n","protected":false},"excerpt":{"rendered":"<p>Premi\u00e8res analyses Volet\u00a0\u00ab\u00a0Imaginaire, art &amp; croyances\u00a0\u00bb. L\u2019Homme est cern\u00e9 \u00e0 travers les cr\u00e9ations de son esprit. J\u00e9r\u00f4me Pitriol F\u00e9e le<\/p>\n","protected":false},"author":9,"featured_media":820,"comment_status":"open","ping_status":"open","sticky":false,"template":"","format":"standard","meta":{"colormag_page_container_layout":"default_layout","colormag_page_sidebar_layout":"default_layout","_jetpack_newsletter_access":"","_jetpack_dont_email_post_to_subs":false,"_jetpack_newsletter_tier_id":0,"_jetpack_memberships_contains_paywalled_content":false,"_jetpack_memberships_contains_paid_content":false,"footnotes":""},"categories":[302],"tags":[77,225,148,257,286,236,76,197,272,274,281,92,283,79],"class_list":["post-812","post","type-post","status-publish","format-standard","has-post-thumbnail","hentry","category-elfes-et-fees-domestiques","tag-bozon2x","tag-ecrivain","tag-georgie-de-saint-maur","tag-imaginaire","tag-jerome-pitriol","tag-lewis-carroll","tag-litterature","tag-livres","tag-metafiction","tag-pataphysique","tag-philippe-sarr","tag-poesie","tag-serge-cazenave-sarkis","tag-surrealisme"],"yoast_head":"<!-- This site is optimized with the Yoast SEO plugin v28.3 - https:\/\/yoast.com\/product\/yoast-seo-wordpress\/ -->\n<title>Elfes et f\u00e9es domestiques : premier \u00e9pisode<\/title>\n<meta name=\"description\" content=\"Premi\u00e8res analyses Volet\u00a0\u00ab\u00a0Imaginaire, art &amp; croyances\u00a0\u00bb. L\u2019Homme est cern\u00e9 \u00e0 travers les cr\u00e9ations de son esprit. J\u00e9r\u00f4me Pitriol F\u00e9e le toi-m\u00eame \u2014\u00a0\" \/>\n<meta name=\"robots\" content=\"index, follow, max-snippet:-1, max-image-preview:large, max-video-preview:-1\" \/>\n<link rel=\"canonical\" href=\"https:\/\/bozon2x.be\/blog\/elfes-et-fees-domestiques-premier-episode\/\" \/>\n<meta property=\"og:locale\" content=\"fr_FR\" \/>\n<meta property=\"og:type\" content=\"article\" \/>\n<meta property=\"og:title\" content=\"Elfes et f\u00e9es domestiques : premier \u00e9pisode\" \/>\n<meta property=\"og:description\" content=\"Premi\u00e8res analyses Volet\u00a0\u00ab\u00a0Imaginaire, art &amp; croyances\u00a0\u00bb. L\u2019Homme est cern\u00e9 \u00e0 travers les cr\u00e9ations de son esprit. J\u00e9r\u00f4me Pitriol F\u00e9e le toi-m\u00eame \u2014\u00a0\" \/>\n<meta property=\"og:url\" content=\"https:\/\/bozon2x.be\/blog\/elfes-et-fees-domestiques-premier-episode\/\" \/>\n<meta property=\"og:site_name\" content=\"BOZON2X EDITIONS\" \/>\n<meta property=\"article:publisher\" content=\"https:\/\/www.facebook.com\/pages\/Bozon2x-%c3%a9ditions\/1507815722823608?ref=hl\" \/>\n<meta property=\"article:published_time\" content=\"2018-10-19T16:00:08+00:00\" \/>\n<meta property=\"og:image\" content=\"https:\/\/i0.wp.com\/bozon2x.be\/blog\/wp-content\/uploads\/2018\/10\/elfes-fees0.png?fit=466%2C700&ssl=1\" \/>\n\t<meta property=\"og:image:width\" content=\"466\" \/>\n\t<meta property=\"og:image:height\" content=\"700\" \/>\n\t<meta property=\"og:image:type\" content=\"image\/png\" \/>\n<meta name=\"author\" content=\"Minily &amp; Souris\" \/>\n<meta name=\"twitter:card\" content=\"summary_large_image\" \/>\n<meta name=\"twitter:creator\" content=\"@Bozon2xBozon\" \/>\n<meta name=\"twitter:site\" content=\"@Bozon2xBozon\" \/>\n<meta name=\"twitter:label1\" content=\"\u00c9crit par\" \/>\n\t<meta name=\"twitter:data1\" content=\"Minily &amp; Souris\" \/>\n\t<meta name=\"twitter:label2\" content=\"Dur\u00e9e de lecture estim\u00e9e\" \/>\n\t<meta name=\"twitter:data2\" content=\"7 minutes\" \/>\n<script type=\"application\/ld+json\" class=\"yoast-schema-graph\">{\"@context\":\"https:\\\/\\\/schema.org\",\"@graph\":[{\"@type\":\"Article\",\"@id\":\"https:\\\/\\\/bozon2x.be\\\/blog\\\/elfes-et-fees-domestiques-premier-episode\\\/#article\",\"isPartOf\":{\"@id\":\"https:\\\/\\\/bozon2x.be\\\/blog\\\/elfes-et-fees-domestiques-premier-episode\\\/\"},\"author\":{\"name\":\"Minily &amp; Souris\",\"@id\":\"https:\\\/\\\/bozon2x.be\\\/blog\\\/#\\\/schema\\\/person\\\/aabffde589cf926ef952106e27f09e97\"},\"headline\":\"Elfes et f\u00e9es domestiques : premier \u00e9pisode\",\"datePublished\":\"2018-10-19T16:00:08+00:00\",\"mainEntityOfPage\":{\"@id\":\"https:\\\/\\\/bozon2x.be\\\/blog\\\/elfes-et-fees-domestiques-premier-episode\\\/\"},\"wordCount\":1370,\"commentCount\":0,\"image\":{\"@id\":\"https:\\\/\\\/bozon2x.be\\\/blog\\\/elfes-et-fees-domestiques-premier-episode\\\/#primaryimage\"},\"thumbnailUrl\":\"https:\\\/\\\/i0.wp.com\\\/bozon2x.be\\\/blog\\\/wp-content\\\/uploads\\\/2018\\\/10\\\/elfes-fees0.png?fit=466%2C700&ssl=1\",\"keywords\":[\"Bozon2x\",\"\u00e9crivain\",\"Georgie de Saint-Maur\",\"imaginaire\",\"J\u00e9r\u00f4me Pitriol\",\"Lewis Carroll\",\"litt\u00e9rature\",\"livres\",\"m\u00e9tafiction\",\"pataphysique\",\"Philippe Sarr\",\"po\u00e9sie\",\"Serge Cazenave-Sarkis\",\"surr\u00e9alisme\"],\"articleSection\":[\"Elfes et f\u00e9es domestiques de Minily &amp; Souris\"],\"inLanguage\":\"fr-FR\",\"potentialAction\":[{\"@type\":\"CommentAction\",\"name\":\"Comment\",\"target\":[\"https:\\\/\\\/bozon2x.be\\\/blog\\\/elfes-et-fees-domestiques-premier-episode\\\/#respond\"]}]},{\"@type\":\"WebPage\",\"@id\":\"https:\\\/\\\/bozon2x.be\\\/blog\\\/elfes-et-fees-domestiques-premier-episode\\\/\",\"url\":\"https:\\\/\\\/bozon2x.be\\\/blog\\\/elfes-et-fees-domestiques-premier-episode\\\/\",\"name\":\"Elfes et f\u00e9es domestiques : premier \u00e9pisode\",\"isPartOf\":{\"@id\":\"https:\\\/\\\/bozon2x.be\\\/blog\\\/#website\"},\"primaryImageOfPage\":{\"@id\":\"https:\\\/\\\/bozon2x.be\\\/blog\\\/elfes-et-fees-domestiques-premier-episode\\\/#primaryimage\"},\"image\":{\"@id\":\"https:\\\/\\\/bozon2x.be\\\/blog\\\/elfes-et-fees-domestiques-premier-episode\\\/#primaryimage\"},\"thumbnailUrl\":\"https:\\\/\\\/i0.wp.com\\\/bozon2x.be\\\/blog\\\/wp-content\\\/uploads\\\/2018\\\/10\\\/elfes-fees0.png?fit=466%2C700&ssl=1\",\"datePublished\":\"2018-10-19T16:00:08+00:00\",\"author\":{\"@id\":\"https:\\\/\\\/bozon2x.be\\\/blog\\\/#\\\/schema\\\/person\\\/aabffde589cf926ef952106e27f09e97\"},\"description\":\"Premi\u00e8res analyses Volet\u00a0\u00ab\u00a0Imaginaire, art &amp; croyances\u00a0\u00bb. L\u2019Homme est cern\u00e9 \u00e0 travers les cr\u00e9ations de son esprit. J\u00e9r\u00f4me Pitriol F\u00e9e le toi-m\u00eame \u2014\u00a0\",\"breadcrumb\":{\"@id\":\"https:\\\/\\\/bozon2x.be\\\/blog\\\/elfes-et-fees-domestiques-premier-episode\\\/#breadcrumb\"},\"inLanguage\":\"fr-FR\",\"potentialAction\":[{\"@type\":\"ReadAction\",\"target\":[\"https:\\\/\\\/bozon2x.be\\\/blog\\\/elfes-et-fees-domestiques-premier-episode\\\/\"]}]},{\"@type\":\"ImageObject\",\"inLanguage\":\"fr-FR\",\"@id\":\"https:\\\/\\\/bozon2x.be\\\/blog\\\/elfes-et-fees-domestiques-premier-episode\\\/#primaryimage\",\"url\":\"https:\\\/\\\/i0.wp.com\\\/bozon2x.be\\\/blog\\\/wp-content\\\/uploads\\\/2018\\\/10\\\/elfes-fees0.png?fit=466%2C700&ssl=1\",\"contentUrl\":\"https:\\\/\\\/i0.wp.com\\\/bozon2x.be\\\/blog\\\/wp-content\\\/uploads\\\/2018\\\/10\\\/elfes-fees0.png?fit=466%2C700&ssl=1\",\"width\":466,\"height\":700},{\"@type\":\"BreadcrumbList\",\"@id\":\"https:\\\/\\\/bozon2x.be\\\/blog\\\/elfes-et-fees-domestiques-premier-episode\\\/#breadcrumb\",\"itemListElement\":[{\"@type\":\"ListItem\",\"position\":1,\"name\":\"Accueil\",\"item\":\"https:\\\/\\\/bozon2x.be\\\/blog\\\/\"},{\"@type\":\"ListItem\",\"position\":2,\"name\":\"Elfes et f\u00e9es domestiques : premier \u00e9pisode\"}]},{\"@type\":\"WebSite\",\"@id\":\"https:\\\/\\\/bozon2x.be\\\/blog\\\/#website\",\"url\":\"https:\\\/\\\/bozon2x.be\\\/blog\\\/\",\"name\":\"BOZON2X EDITIONS\",\"description\":\"Acc\u00e9l\u00e9rateur de particules neuronales\",\"potentialAction\":[{\"@type\":\"SearchAction\",\"target\":{\"@type\":\"EntryPoint\",\"urlTemplate\":\"https:\\\/\\\/bozon2x.be\\\/blog\\\/?s={search_term_string}\"},\"query-input\":{\"@type\":\"PropertyValueSpecification\",\"valueRequired\":true,\"valueName\":\"search_term_string\"}}],\"inLanguage\":\"fr-FR\"},{\"@type\":\"Person\",\"@id\":\"https:\\\/\\\/bozon2x.be\\\/blog\\\/#\\\/schema\\\/person\\\/aabffde589cf926ef952106e27f09e97\",\"name\":\"Minily &amp; Souris\",\"image\":{\"@type\":\"ImageObject\",\"inLanguage\":\"fr-FR\",\"@id\":\"https:\\\/\\\/secure.gravatar.com\\\/avatar\\\/b9248aa0b67fc09b559ff77faa675684947d96c2b999cbf0c023e8abc4b64ca5?s=96&d=mm&r=g\",\"url\":\"https:\\\/\\\/secure.gravatar.com\\\/avatar\\\/b9248aa0b67fc09b559ff77faa675684947d96c2b999cbf0c023e8abc4b64ca5?s=96&d=mm&r=g\",\"contentUrl\":\"https:\\\/\\\/secure.gravatar.com\\\/avatar\\\/b9248aa0b67fc09b559ff77faa675684947d96c2b999cbf0c023e8abc4b64ca5?s=96&d=mm&r=g\",\"caption\":\"Minily &amp; Souris\"},\"url\":\"https:\\\/\\\/bozon2x.be\\\/blog\\\/author\\\/minily-et-souris\\\/\"}]}<\/script>\n<!-- \/ Yoast SEO plugin. -->","yoast_head_json":{"title":"Elfes et f\u00e9es domestiques : premier \u00e9pisode","description":"Premi\u00e8res analyses Volet\u00a0\u00ab\u00a0Imaginaire, art &amp; croyances\u00a0\u00bb. L\u2019Homme est cern\u00e9 \u00e0 travers les cr\u00e9ations de son esprit. J\u00e9r\u00f4me Pitriol F\u00e9e le toi-m\u00eame \u2014\u00a0","robots":{"index":"index","follow":"follow","max-snippet":"max-snippet:-1","max-image-preview":"max-image-preview:large","max-video-preview":"max-video-preview:-1"},"canonical":"https:\/\/bozon2x.be\/blog\/elfes-et-fees-domestiques-premier-episode\/","og_locale":"fr_FR","og_type":"article","og_title":"Elfes et f\u00e9es domestiques : premier \u00e9pisode","og_description":"Premi\u00e8res analyses Volet\u00a0\u00ab\u00a0Imaginaire, art &amp; croyances\u00a0\u00bb. L\u2019Homme est cern\u00e9 \u00e0 travers les cr\u00e9ations de son esprit. J\u00e9r\u00f4me Pitriol F\u00e9e le toi-m\u00eame \u2014\u00a0","og_url":"https:\/\/bozon2x.be\/blog\/elfes-et-fees-domestiques-premier-episode\/","og_site_name":"BOZON2X EDITIONS","article_publisher":"https:\/\/www.facebook.com\/pages\/Bozon2x-%c3%a9ditions\/1507815722823608?ref=hl","article_published_time":"2018-10-19T16:00:08+00:00","og_image":[{"width":466,"height":700,"url":"https:\/\/i0.wp.com\/bozon2x.be\/blog\/wp-content\/uploads\/2018\/10\/elfes-fees0.png?fit=466%2C700&ssl=1","type":"image\/png"}],"author":"Minily &amp; Souris","twitter_card":"summary_large_image","twitter_creator":"@Bozon2xBozon","twitter_site":"@Bozon2xBozon","twitter_misc":{"\u00c9crit par":"Minily &amp; Souris","Dur\u00e9e de lecture estim\u00e9e":"7 minutes"},"schema":{"@context":"https:\/\/schema.org","@graph":[{"@type":"Article","@id":"https:\/\/bozon2x.be\/blog\/elfes-et-fees-domestiques-premier-episode\/#article","isPartOf":{"@id":"https:\/\/bozon2x.be\/blog\/elfes-et-fees-domestiques-premier-episode\/"},"author":{"name":"Minily &amp; Souris","@id":"https:\/\/bozon2x.be\/blog\/#\/schema\/person\/aabffde589cf926ef952106e27f09e97"},"headline":"Elfes et f\u00e9es domestiques : premier \u00e9pisode","datePublished":"2018-10-19T16:00:08+00:00","mainEntityOfPage":{"@id":"https:\/\/bozon2x.be\/blog\/elfes-et-fees-domestiques-premier-episode\/"},"wordCount":1370,"commentCount":0,"image":{"@id":"https:\/\/bozon2x.be\/blog\/elfes-et-fees-domestiques-premier-episode\/#primaryimage"},"thumbnailUrl":"https:\/\/i0.wp.com\/bozon2x.be\/blog\/wp-content\/uploads\/2018\/10\/elfes-fees0.png?fit=466%2C700&ssl=1","keywords":["Bozon2x","\u00e9crivain","Georgie de Saint-Maur","imaginaire","J\u00e9r\u00f4me Pitriol","Lewis Carroll","litt\u00e9rature","livres","m\u00e9tafiction","pataphysique","Philippe Sarr","po\u00e9sie","Serge Cazenave-Sarkis","surr\u00e9alisme"],"articleSection":["Elfes et f\u00e9es domestiques de Minily &amp; Souris"],"inLanguage":"fr-FR","potentialAction":[{"@type":"CommentAction","name":"Comment","target":["https:\/\/bozon2x.be\/blog\/elfes-et-fees-domestiques-premier-episode\/#respond"]}]},{"@type":"WebPage","@id":"https:\/\/bozon2x.be\/blog\/elfes-et-fees-domestiques-premier-episode\/","url":"https:\/\/bozon2x.be\/blog\/elfes-et-fees-domestiques-premier-episode\/","name":"Elfes et f\u00e9es domestiques : premier \u00e9pisode","isPartOf":{"@id":"https:\/\/bozon2x.be\/blog\/#website"},"primaryImageOfPage":{"@id":"https:\/\/bozon2x.be\/blog\/elfes-et-fees-domestiques-premier-episode\/#primaryimage"},"image":{"@id":"https:\/\/bozon2x.be\/blog\/elfes-et-fees-domestiques-premier-episode\/#primaryimage"},"thumbnailUrl":"https:\/\/i0.wp.com\/bozon2x.be\/blog\/wp-content\/uploads\/2018\/10\/elfes-fees0.png?fit=466%2C700&ssl=1","datePublished":"2018-10-19T16:00:08+00:00","author":{"@id":"https:\/\/bozon2x.be\/blog\/#\/schema\/person\/aabffde589cf926ef952106e27f09e97"},"description":"Premi\u00e8res analyses Volet\u00a0\u00ab\u00a0Imaginaire, art &amp; croyances\u00a0\u00bb. L\u2019Homme est cern\u00e9 \u00e0 travers les cr\u00e9ations de son esprit. J\u00e9r\u00f4me Pitriol F\u00e9e le toi-m\u00eame \u2014\u00a0","breadcrumb":{"@id":"https:\/\/bozon2x.be\/blog\/elfes-et-fees-domestiques-premier-episode\/#breadcrumb"},"inLanguage":"fr-FR","potentialAction":[{"@type":"ReadAction","target":["https:\/\/bozon2x.be\/blog\/elfes-et-fees-domestiques-premier-episode\/"]}]},{"@type":"ImageObject","inLanguage":"fr-FR","@id":"https:\/\/bozon2x.be\/blog\/elfes-et-fees-domestiques-premier-episode\/#primaryimage","url":"https:\/\/i0.wp.com\/bozon2x.be\/blog\/wp-content\/uploads\/2018\/10\/elfes-fees0.png?fit=466%2C700&ssl=1","contentUrl":"https:\/\/i0.wp.com\/bozon2x.be\/blog\/wp-content\/uploads\/2018\/10\/elfes-fees0.png?fit=466%2C700&ssl=1","width":466,"height":700},{"@type":"BreadcrumbList","@id":"https:\/\/bozon2x.be\/blog\/elfes-et-fees-domestiques-premier-episode\/#breadcrumb","itemListElement":[{"@type":"ListItem","position":1,"name":"Accueil","item":"https:\/\/bozon2x.be\/blog\/"},{"@type":"ListItem","position":2,"name":"Elfes et f\u00e9es domestiques : premier \u00e9pisode"}]},{"@type":"WebSite","@id":"https:\/\/bozon2x.be\/blog\/#website","url":"https:\/\/bozon2x.be\/blog\/","name":"BOZON2X EDITIONS","description":"Acc\u00e9l\u00e9rateur de particules neuronales","potentialAction":[{"@type":"SearchAction","target":{"@type":"EntryPoint","urlTemplate":"https:\/\/bozon2x.be\/blog\/?s={search_term_string}"},"query-input":{"@type":"PropertyValueSpecification","valueRequired":true,"valueName":"search_term_string"}}],"inLanguage":"fr-FR"},{"@type":"Person","@id":"https:\/\/bozon2x.be\/blog\/#\/schema\/person\/aabffde589cf926ef952106e27f09e97","name":"Minily &amp; Souris","image":{"@type":"ImageObject","inLanguage":"fr-FR","@id":"https:\/\/secure.gravatar.com\/avatar\/b9248aa0b67fc09b559ff77faa675684947d96c2b999cbf0c023e8abc4b64ca5?s=96&d=mm&r=g","url":"https:\/\/secure.gravatar.com\/avatar\/b9248aa0b67fc09b559ff77faa675684947d96c2b999cbf0c023e8abc4b64ca5?s=96&d=mm&r=g","contentUrl":"https:\/\/secure.gravatar.com\/avatar\/b9248aa0b67fc09b559ff77faa675684947d96c2b999cbf0c023e8abc4b64ca5?s=96&d=mm&r=g","caption":"Minily &amp; Souris"},"url":"https:\/\/bozon2x.be\/blog\/author\/minily-et-souris\/"}]}},"jetpack_sharing_enabled":true,"jetpack_shortlink":"https:\/\/wp.me\/p5k2Xt-d6","jetpack-related-posts":[],"jetpack_featured_media_url":"https:\/\/i0.wp.com\/bozon2x.be\/blog\/wp-content\/uploads\/2018\/10\/elfes-fees0.png?fit=466%2C700&ssl=1","_links":{"self":[{"href":"https:\/\/bozon2x.be\/blog\/wp-json\/wp\/v2\/posts\/812","targetHints":{"allow":["GET"]}}],"collection":[{"href":"https:\/\/bozon2x.be\/blog\/wp-json\/wp\/v2\/posts"}],"about":[{"href":"https:\/\/bozon2x.be\/blog\/wp-json\/wp\/v2\/types\/post"}],"author":[{"embeddable":true,"href":"https:\/\/bozon2x.be\/blog\/wp-json\/wp\/v2\/users\/9"}],"replies":[{"embeddable":true,"href":"https:\/\/bozon2x.be\/blog\/wp-json\/wp\/v2\/comments?post=812"}],"version-history":[{"count":6,"href":"https:\/\/bozon2x.be\/blog\/wp-json\/wp\/v2\/posts\/812\/revisions"}],"predecessor-version":[{"id":821,"href":"https:\/\/bozon2x.be\/blog\/wp-json\/wp\/v2\/posts\/812\/revisions\/821"}],"wp:featuredmedia":[{"embeddable":true,"href":"https:\/\/bozon2x.be\/blog\/wp-json\/wp\/v2\/media\/820"}],"wp:attachment":[{"href":"https:\/\/bozon2x.be\/blog\/wp-json\/wp\/v2\/media?parent=812"}],"wp:term":[{"taxonomy":"category","embeddable":true,"href":"https:\/\/bozon2x.be\/blog\/wp-json\/wp\/v2\/categories?post=812"},{"taxonomy":"post_tag","embeddable":true,"href":"https:\/\/bozon2x.be\/blog\/wp-json\/wp\/v2\/tags?post=812"}],"curies":[{"name":"wp","href":"https:\/\/api.w.org\/{rel}","templated":true}]}}