{"id":260,"date":"2015-03-09T20:06:00","date_gmt":"2015-03-09T19:06:00","guid":{"rendered":"http:\/\/bozon2x.be\/blog\/?p=260"},"modified":"2015-03-10T07:32:51","modified_gmt":"2015-03-10T06:32:51","slug":"mad-as-a-march-hare","status":"publish","type":"post","link":"https:\/\/bozon2x.be\/blog\/mad-as-a-march-hare\/","title":{"rendered":"Mad as a march hare"},"content":{"rendered":"<p style=\"text-align: justify;\"><strong>&#8211; \u00ab\u00a0Par l\u00e0 habite le chapelier toqu\u00e9, et par l\u00e0 le li\u00e8vre de mars\u2026\u00a0\u00bb<\/strong><\/p>\n<p style=\"text-align: justify;\"><strong>&#8211; \u00ab\u00a0Merci, je crois que je vais aller voir le li\u00e8vre.\u00a0\u00bb<\/strong><\/p>\n<p style=\"text-align: justify;\"><strong>&#8211; \u00ab\u00a0Naturellement, il est fou lui aussi.\u00a0\u00bb<\/strong><\/p>\n<p style=\"text-align: justify;\">Mes amis,<\/p>\n<p style=\"text-align: justify;\">Je vais probablement froisser mon aur\u00e9ole, mais\u2026 le monde part en nouilles.<\/p>\n<p style=\"text-align: justify;\">Et chacun a ses raisons comme nous l\u2019expliquait si bien Jambon<a href=\"#_ftn1\" name=\"_ftnref\">[1]<\/a> en parlant des nazis.<\/p>\n<p style=\"text-align: justify;\">Mais bon, le beau temps est vraiment proche. Les oiseaux chantent des airs d\u2019op\u00e9ra ou encore <em>Spring is in the air.<\/em> Quittons le complexe soci\u00e9tal de Jean Valjean, ce navrant complexe qui transforme les criminels en victimes et les policiers en bourreaux born\u00e9s, pour nous plonger dans la f\u00e9erie d\u2019<em>Alice au Pays des Merveilles.<\/em><\/p>\n<p style=\"text-align: justify;\">Pratiquement tous les personnages de Carroll ont donn\u00e9 leur nom \u00e0 des diagnostics de la m\u00e9decine ou de la psychiatrie.<\/p>\n<p style=\"text-align: justify;\">Nous connaissions d\u00e9j\u00e0 le syndrome du chapelier, du au mercure\u00a0; Humpty Dumpty a \u00e9t\u00e9 utilis\u00e9 en r\u00e9f\u00e9rence \u00e0 la prosopagnosie \u2014 une agnosie visuelle caract\u00e9ris\u00e9e par la perte de la capacit\u00e9 de reconna\u00eetre des visages familiers<a href=\"#_ftn2\" name=\"_ftnref\">[2]<\/a>\u00a0; le syndrome du cavalier blanc est bien illustr\u00e9 par les pandores et les prostitu\u00e9es\u2026 Mais\u2026 et le li\u00e8vre de mars, alors\u00a0?<\/p>\n<p style=\"text-align: justify;\">Rien sur le li\u00e8vre de mars\u00a0? Rien sur un de mes personnages pr\u00e9f\u00e9r\u00e9s<a href=\"#_ftn3\" name=\"_ftnref\">[3]<\/a>?<\/p>\n<p style=\"text-align: justify;\">Ce n\u2019est pas possible, notre li\u00e8vre a bien le droit d\u2019avoir une maladie \u00e0 son nom, lui aussi.<\/p>\n<p style=\"text-align: justify;\">Voyons voir\u2026 Laissez-moi r\u00e9fl\u00e9chir\u2026<\/p>\n<p style=\"text-align: justify;\">Evidemment les raisons de sa folie ne sont pas tr\u00e8s <em>nobles<\/em> (trousser co\u00fbte que co\u00fbte\u00a0! Enfourner, tringler, co\u00efter. Fourrer \u00e0 tout va), mais voil\u00e0\u00a0: il y a \u00ab\u00a0mars\u00a0\u00bb. Sa folie serait donc limit\u00e9e dans un temps d\u00e9termin\u00e9\u00a0?<\/p>\n<p style=\"text-align: justify;\">\u2014 \u00ab\u00a0Nous sommes en mai, se dit Alice, peut-\u00eatre ne sera-t-il pas fou furieux\u00a0?\u00a0\u00bb<\/p>\n<p style=\"text-align: justify;\">Je penche pour une d\u00e9finition de bouff\u00e9es d\u00e9lirantes, accompagn\u00e9es d\u2019une <em>hyperactivit\u00e9<\/em> irr\u00e9pressible. En fait, exactement l\u2019antidote qui conviendrait aux individus frapp\u00e9s d&rsquo;humeur atrabilaire.<\/p>\n<p style=\"text-align: justify;\">Maintenant quel type de d\u00e9lire, me direz-vous\u00a0? Eh bien je pense qu\u2019il s\u2019agit d\u2019un d\u00e9lire de filiation. Le li\u00e8vre pense qu\u2019il a subi un pr\u00e9judice (on veut boire son th\u00e9 sans y \u00eatre invit\u00e9). C\u2019est donc un qu\u00e9rulent processif qui va intenter proc\u00e8s sur proc\u00e8s \u00e0 Alice, afin de faire reconna\u00eetre son bon droit suppos\u00e9.<\/p>\n<p style=\"text-align: justify;\">Lorsque notre bon chapelier d\u00e9pose sous la foi du serment (probablement en faveur de la fillette), le li\u00e8vre lui oppose un d\u00e9ni radical. Mais il pourrait s\u2019agir conjointement d\u2019un d\u00e9lire de r\u00e9f\u00e9rence, puisque le li\u00e8vre croit, \u00e0 tort, que tout ce qui l&rsquo;entoure ou ce qui se passe poss\u00e8de une signification personnelle.<\/p>\n<p style=\"text-align: justify;\">Voyez-vous, au cours de sa vie, un li\u00e8vre va subir plusieurs crises qui vont induire des changements de sa perception des \u00e9v\u00e9nements, de sa conception de la pr\u00e9paration et de la consommation du th\u00e9 entre autres. Cela peut \u00eatre une prise de conscience de l\u2019\u00e9vaporation naturelle du th\u00e9, mais \u00e9galement le produit\u00a0d\u2019une disparition inexplicable (tasse \u00e0 th\u00e9, cuiller, soucoupe, th\u00e9i\u00e8re, loir\u2026).<\/p>\n<p style=\"text-align: justify;\">La crise va engendrer un stress qui va permettre l&rsquo;adaptation \u00e0 la nouvelle situation (la n\u00e9cessit\u00e9 de refaire du th\u00e9, par exemple)\u00a0; mais elle peut aussi g\u00e9n\u00e9rer une m\u00e9lancolie irr\u00e9m\u00e9diable.<\/p>\n<p style=\"text-align: justify;\">Attention cette adaptation peut \u00e9galement d\u00e9boucher sur une addiction (overdose de th\u00e9, potomanie). Il faut de toute mani\u00e8re se m\u00e9fier de cette tradition europ\u00e9enne du verdict, l\u2019exp\u00e9rience de Rosenhan et de ses pseudo-patients<a href=\"#_ftn4\" name=\"_ftnref\">[4]<\/a> est l\u00e0 pour nous le rappeler.<\/p>\n<p style=\"text-align: justify;\">Bon, \u00e7a va, si je vous ennuie, j\u2019arr\u00eate.<\/p>\n<p style=\"text-align: justify;\">De toute mani\u00e8re \u00e7a n\u2019amusera que des confr\u00e8res.<\/p>\n<p style=\"text-align: justify;\">Tiens, en ce moment, il y a un politicien qui ne supporte pas la prison et qui va d\u00e9clencher le plus grand scandale du si\u00e8cle (tu parles).<\/p>\n<p style=\"text-align: justify;\">C\u2019est marrant cette manie de pr\u00e9venir qu\u2019on va parler.<\/p>\n<p style=\"text-align: justify;\">Patrick Haemers<a href=\"#_ftn5\" name=\"_ftnref\">[5]<\/a>\u00a0: \u2014 \u00ab\u00a0Demain, au proc\u00e8s, je vais tout r\u00e9v\u00e9ler.\u00a0\u00bb Paf\u00a0! Pendu dans sa cellule le soir m\u00eame\u00a0!<\/p>\n<p style=\"text-align: justify;\">Andr\u00e9 Cools<a href=\"#_ftn6\" name=\"_ftnref\">[6]<\/a>\u00a0: \u2014 \u00ab\u00a0Si je coule, je ne coulerai pas tout seul. J\u2019ai des r\u00e9v\u00e9lations \u00e0 faire.\u00a0\u00bb Paf\u00a0! Abattu \u00e0 coups de carabine.<\/p>\n<p style=\"text-align: justify;\">Alain Van der Biest<a href=\"#_ftn7\" name=\"_ftnref\">[7]<\/a>\u00a0: \u2014 \u00ab\u00a0Si on me laisse parler, j\u2019aurai beaucoup de choses \u00e0 dire sur cette affaire.\u00a0\u00bb Paf\u00a0! Il tombe frapp\u00e9 d\u2019amn\u00e9sie sur un parking avant de se <em>suicider<\/em>\u00a0! D\u2019apr\u00e8s un t\u00e9moin, ils \u00e9taient m\u00eame deux \u00e0 le frapper d\u2019amn\u00e9sie (quand je pense que ce gar\u00e7on a \u00e9t\u00e9 mon professeur de fran\u00e7ais).<\/p>\n<p style=\"text-align: justify;\">Il ne faut jamais pr\u00e9venir. Il faut retrousser le bas de ses pantalons et d\u00e9noncer <em>illico presto subito<\/em>. Sinon&#8230;<\/p>\n<p style=\"text-align: justify;\">Quand au plus grand scandale du si\u00e8cle, ce type veut probablement parler du si\u00e8cle dernier, vu que celui-ci commence \u00e0 peine, on ne sait m\u00eame pas encore ce qu\u2019il nous r\u00e9serve. En tout cas, jusqu\u2019\u00e0 pr\u00e9sent ce n\u2019est pas terrible.<\/p>\n<p style=\"text-align: justify;\">D\u00e8s lors, on peut se poser la question, mes articles sont-ils \u00e9crits pour des freluquets\u00a0? Non point camarades, quand bien m\u00eame ils refl\u00e8tent un chouia de schizophasie<a href=\"#_ftn8\" name=\"_ftnref\">[8]<\/a>, je ne peux le nier, (le fruit maudit, sans doute, de ma <em>m\u00e9lancolie<a href=\"#_ftn9\" name=\"_ftnref\">[9]<\/a> <\/em>s\u00e9v\u00e8re), ils sont avant tout comme l\u2019<em>Ath\u00e9na<a href=\"#_ftn10\" name=\"_ftnref\">[10]<\/a><\/em> de Phidias\u00a0: difformes, certes, mais lorsqu\u2019ils touchent le bon public, leurs alt\u00e9rations disparaissent.<\/p>\n<p style=\"text-align: justify;\">Alors moi, (pour rester congruent), les gros bonshommes laids qui veulent prioritairement culbuter des femmes et boire du champagne, je n\u2019y vois rien de particuli\u00e8rement incroyable. J\u2019ai m\u00eame la nette impression que c\u2019est uniquement pour cette raison qu\u2019ils se sont lanc\u00e9s dans la politique\u2026<\/p>\n<p style=\"text-align: justify;\">Un peu comme Christine Lagarde<a href=\"#_ftn11\" name=\"_ftnref\">[11]<\/a>, qui devrait \u00eatre<em> tarred and feathered<a href=\"#_ftn12\" name=\"_ftnref\">[12]<\/a>,<\/em> lorsqu\u2019elle nous explique, avec un certain m\u00e9pris haineux, qu\u2019avec notre syst\u00e8me d\u2019indexation automatique des salaires, il est impossible d\u2019appauvrir les travailleurs belges<a href=\"#_ftn13\" name=\"_ftnref\">[13]<\/a>. C&rsquo;est-\u00e0-dire (surtout) qu\u2019il est un peu utopique de penser \u00e0 s\u2019enrichir sur leur dos. Car l\u2019argent, ob\u00e9issant inexplicablement aux lois de Lavoisier, n\u2019enrichit les uns que s\u2019il appauvrit les autres. <em>Rien ne se perd rien<\/em> <em>ne se cr\u00e9e.<\/em><\/p>\n<p style=\"text-align: justify;\">Sauf que dans ce cas-ci c\u2019est \u00ab\u00a0mon \u0153il\u00a0!\u00a0\u00bb L\u2019argent n\u2019a plus qu\u2019assez rarement sa contrepartie en or<a href=\"#_ftn14\" name=\"_ftnref\">[14]<\/a>, il est imprim\u00e9 par des \u00e9tats et ne fonctionne parfois que selon une simple m\u00e9thode d\u2019accord\u00a0: l\u2019argent que tu fabriques peut acheter mon argent<a href=\"#_ftn15\" name=\"_ftnref\">[15]<\/a> et inversement.<\/p>\n<p style=\"text-align: justify;\">Pour d\u00e9tendre un peu l\u2019atmosph\u00e8re et parce que le sujet est primesautier, je terminerai en chanson, comme le faisait le \u00ab\u00a0rossignol\u00a0\u00bb \u00c9lyane C\u00e9lis avec <em>Baisse un peu<\/em> <em>l\u2019Abat-jour<a href=\"#_ftn16\" name=\"_ftnref\">[16]<\/a><\/em> de Bourtayre et Delmas.<\/p>\n<p style=\"text-align: justify;\">\u00af Baisse un peu l&rsquo;abat-jour<br \/>\nViens pr\u00e8s de moi t&rsquo;asseoir,<br \/>\nBaisse un peu l&rsquo;abat-jour,<br \/>\nIl fait si doux ce soir \u00af<\/p>\n<p style=\"text-align: justify;\">Apr\u00e8s tout c\u2019est gr\u00e2ce \u00e0 nos a\u00efeux si nous sommes venus au monde. R\u00e9jouissons-nous de leurs moments d\u2019intimit\u00e9.<\/p>\n<p style=\"text-align: justify;\">Je d\u00e9borde de gratitude pour cela. Et je salue aussi leur sens de l\u2019orthographe (si d\u00e9valoris\u00e9 de nos jours) qui leur a fait intelligemment mettre deux \u00ab\u00a0s\u00a0\u00bb au verbe baisser, sans quoi cette chanson eut pu avoir des cons\u00e9quences funestes pour nous tous\u2026<\/p>\n<p style=\"text-align: justify;\">That\u2019s all, folks<\/p>\n<figure id=\"attachment_266\" aria-describedby=\"caption-attachment-266\" style=\"width: 640px\" class=\"wp-caption aligncenter\"><a href=\"https:\/\/i0.wp.com\/bozon2x.be\/blog\/wp-content\/uploads\/2015\/03\/Demiplanche-Boris_5.jpg?ssl=1\"><img data-recalc-dims=\"1\" loading=\"lazy\" decoding=\"async\" data-attachment-id=\"266\" data-permalink=\"https:\/\/bozon2x.be\/blog\/mad-as-a-march-hare\/demiplanche-boris_5\/\" data-orig-file=\"https:\/\/i0.wp.com\/bozon2x.be\/blog\/wp-content\/uploads\/2015\/03\/Demiplanche-Boris_5.jpg?fit=1772%2C1265&amp;ssl=1\" data-orig-size=\"1772,1265\" data-comments-opened=\"1\" data-image-meta=\"{&quot;aperture&quot;:&quot;0&quot;,&quot;credit&quot;:&quot;&quot;,&quot;camera&quot;:&quot;&quot;,&quot;caption&quot;:&quot;&quot;,&quot;created_timestamp&quot;:&quot;0&quot;,&quot;copyright&quot;:&quot;&quot;,&quot;focal_length&quot;:&quot;0&quot;,&quot;iso&quot;:&quot;0&quot;,&quot;shutter_speed&quot;:&quot;0&quot;,&quot;title&quot;:&quot;&quot;,&quot;orientation&quot;:&quot;0&quot;}\" data-image-title=\"Demiplanche-Boris_5\" data-image-description=\"\" data-image-caption=\"\" data-large-file=\"https:\/\/i0.wp.com\/bozon2x.be\/blog\/wp-content\/uploads\/2015\/03\/Demiplanche-Boris_5.jpg?fit=800%2C571&amp;ssl=1\" class=\"size-large wp-image-266\" src=\"https:\/\/i0.wp.com\/bozon2x.be\/blog\/wp-content\/uploads\/2015\/03\/Demiplanche-Boris_5.jpg?resize=640%2C457&#038;ssl=1\" alt=\"Cliquez sur l'image pour l'agrandir\" width=\"640\" height=\"457\" srcset=\"https:\/\/i0.wp.com\/bozon2x.be\/blog\/wp-content\/uploads\/2015\/03\/Demiplanche-Boris_5.jpg?resize=1024%2C731&amp;ssl=1 1024w, https:\/\/i0.wp.com\/bozon2x.be\/blog\/wp-content\/uploads\/2015\/03\/Demiplanche-Boris_5.jpg?resize=300%2C214&amp;ssl=1 300w, https:\/\/i0.wp.com\/bozon2x.be\/blog\/wp-content\/uploads\/2015\/03\/Demiplanche-Boris_5.jpg?w=1772&amp;ssl=1 1772w, https:\/\/i0.wp.com\/bozon2x.be\/blog\/wp-content\/uploads\/2015\/03\/Demiplanche-Boris_5.jpg?w=1600&amp;ssl=1 1600w\" sizes=\"auto, (max-width: 640px) 100vw, 640px\" \/><\/a><figcaption id=\"caption-attachment-266\" class=\"wp-caption-text\">Cliquez sur l&rsquo;image pour l&rsquo;agrandir<\/figcaption><\/figure>\n<p style=\"text-align: justify;\"><a href=\"#_ftnref\" name=\"_ftn1\">[1]<\/a> Jan Jambon est un homme politique belge. Il est actuellement Vice-Premier ministre et Ministre f\u00e9d\u00e9ral de la S\u00e9curit\u00e9 et de l&rsquo;Int\u00e9rieur,<\/p>\n<p style=\"text-align: justify;\"><a href=\"#_ftnref\" name=\"_ftn2\">[2]<\/a> Peut-\u00eatre celle de Proust, lorsqu\u2019il descend les escaliers de Guermantes.<\/p>\n<p style=\"text-align: justify;\"><a href=\"#_ftnref\" name=\"_ftn3\">[3]<\/a> Avec <em>the mock-turtle.<\/em><\/p>\n<p style=\"text-align: justify;\"><a href=\"#_ftnref\" name=\"_ftn4\">[4]<\/a> D\u00e9j\u00e0 en 200 av. J.-C. le com\u00e9dien romain Plaute avait \u00e9crit une pi\u00e8ce intitul\u00e9e <em>Menaechmi<\/em>, dans laquelle un personnage feignait des sympt\u00f4mes de folie. Il trompait avec succ\u00e8s un m\u00e9decin, qui interpr\u00e9tait toutes ses r\u00e9actions comme symptomatiques d&rsquo;une maladie mentale.<\/p>\n<p style=\"text-align: justify;\"><a href=\"#_ftnref\" name=\"_ftn5\">[5]<\/a> C\u00e9l\u00e8bre criminel belge impliqu\u00e9 dans l&rsquo;enl\u00e8vement de l&rsquo;ancien Premier Ministre belge Paul Vanden Boeynants.<\/p>\n<p style=\"text-align: justify;\"><a href=\"#_ftnref\" name=\"_ftn6\">[6]<\/a> Vice-Premier Ministre socialiste belge assassin\u00e9 en 1991.<\/p>\n<p style=\"text-align: justify;\"><a href=\"#_ftnref\" name=\"_ftn7\">[7]<\/a> Homme politique belge, socialiste, impliqu\u00e9 dans l\u2019assassinat du Premier Ministre belge Andr\u00e9 Cools.<\/p>\n<p style=\"text-align: justify;\"><a href=\"#_ftnref\" name=\"_ftn8\">[8]<\/a> Coq \u00e0 l\u2019\u00e2ne.<\/p>\n<p style=\"text-align: justify;\"><a href=\"#_ftnref\" name=\"_ftn9\">[9]<\/a> Je parle de la <em>melancholia<\/em> d\u2019Hippocrate.<\/p>\n<p style=\"text-align: justify;\"><a href=\"#_ftnref\" name=\"_ftn10\">[10]<\/a> Une fois dispos\u00e9e \u00e0 4 m\u00e8tres du sol, elle donnait l&rsquo;illusion d&rsquo;une <em>Ath\u00e9na<\/em> aux formes parfaitement respect\u00e9es.<\/p>\n<p style=\"text-align: justify;\"><a href=\"#_ftnref\" name=\"_ftn11\">[11]<\/a> Directrice g\u00e9n\u00e9rale du Fonds Mon\u00e9taire International.<\/p>\n<p style=\"text-align: justify;\"><a href=\"#_ftnref\" name=\"_ftn12\">[12]<\/a> Lit. \u00ab\u00a0\u00catre pass\u00e9e au goudron et aux plumes\u00a0\u00bb<\/p>\n<p style=\"text-align: justify;\"><a href=\"#_ftnref\" name=\"_ftn13\">[13]<\/a> Attention, cette opinion n\u2019est peut-\u00eatre pas partag\u00e9e par tous les travailleurs.<\/p>\n<p style=\"text-align: justify;\"><a href=\"#_ftnref\" name=\"_ftn14\">[14]<\/a> \u00ab\u00a0Si le peuple comprenait notre syst\u00e8me bancaire et mon\u00e9taire, il y aurait une r\u00e9volution avant demain. \u00bb-Henry Ford<\/p>\n<p style=\"text-align: justify;\"><a href=\"#_ftnref\" name=\"_ftn15\">[15]<\/a> Confer l\u2019assignat en France, les bons de la Conf\u00e9d\u00e9ration en Am\u00e9rique, le rouble <em>c\u00e9linien<\/em> non convertible de trente-six, le deutschemark nazi en Allemagne.<\/p>\n<p style=\"text-align: justify;\"><a href=\"#_ftnref\" name=\"_ftn16\">[16]<\/a> Abat-jour\u00a0? Vous avez dit Abat-jour\u00a0? Venez retrouver ma plume dans <strong><em>Et ta critique\u00a0?<\/em><\/strong> Sur <a href=\"http:\/\/www.editionsdelabatjour.com\/2015\/01\/et-ta-critique.html\">http:\/\/www.editionsdelabatjour.com\/2015\/01\/et-ta-critique.html<\/a><\/p>\n","protected":false},"excerpt":{"rendered":"<p>&#8211; \u00ab\u00a0Par l\u00e0 habite le chapelier toqu\u00e9, et par l\u00e0 le li\u00e8vre de mars\u2026\u00a0\u00bb &#8211; \u00ab\u00a0Merci, je crois que je<\/p>\n","protected":false},"author":4,"featured_media":265,"comment_status":"open","ping_status":"open","sticky":false,"template":"","format":"standard","meta":{"colormag_page_container_layout":"default_layout","colormag_page_sidebar_layout":"default_layout","_jetpack_newsletter_access":"","_jetpack_dont_email_post_to_subs":false,"_jetpack_newsletter_tier_id":0,"_jetpack_memberships_contains_paywalled_content":false,"_jetpack_memberships_contains_paid_content":false,"footnotes":""},"categories":[41],"tags":[144,136,143,146,145,147,138,148,137,135,141,139,40,142,140],"class_list":["post-260","post","type-post","status-publish","format-standard","has-post-thumbnail","hentry","category-la-folie-des-glandeurs","tag-alain-van-der-biest","tag-alice-au-pays-des-merveilles","tag-andre-cools","tag-christine-lagarde","tag-dsk","tag-fmi","tag-folie","tag-georgie-de-saint-maur","tag-humpty-dumpty","tag-lewis-carrol","tag-lievre-de-mars","tag-melancolie","tag-musique","tag-patrick-haemers","tag-printemps"],"yoast_head":"<!-- This site is optimized with the Yoast SEO plugin v28.3 - https:\/\/yoast.com\/product\/yoast-seo-wordpress\/ -->\n<title>Mad as a march hare<\/title>\n<meta name=\"description\" content=\"- \u00ab\u00a0Par l\u00e0 habite le chapelier toqu\u00e9, et par l\u00e0 le li\u00e8vre de mars\u2026\u00a0\u00bb - \u00ab\u00a0Merci, je crois que je vais aller voir le li\u00e8vre.\u00a0\u00bb - \u00ab\u00a0Naturellement, il est fou\" \/>\n<meta name=\"robots\" content=\"index, follow, max-snippet:-1, max-image-preview:large, max-video-preview:-1\" \/>\n<link rel=\"canonical\" href=\"https:\/\/bozon2x.be\/blog\/mad-as-a-march-hare\/\" \/>\n<meta property=\"og:locale\" content=\"fr_FR\" \/>\n<meta property=\"og:type\" content=\"article\" \/>\n<meta property=\"og:title\" content=\"Mad as a march hare\" \/>\n<meta property=\"og:description\" content=\"- \u00ab\u00a0Par l\u00e0 habite le chapelier toqu\u00e9, et par l\u00e0 le li\u00e8vre de mars\u2026\u00a0\u00bb - \u00ab\u00a0Merci, je crois que je vais aller voir le li\u00e8vre.\u00a0\u00bb - \u00ab\u00a0Naturellement, il est fou\" \/>\n<meta property=\"og:url\" content=\"https:\/\/bozon2x.be\/blog\/mad-as-a-march-hare\/\" \/>\n<meta property=\"og:site_name\" content=\"BOZON2X EDITIONS\" \/>\n<meta property=\"article:publisher\" content=\"https:\/\/www.facebook.com\/pages\/Bozon2x-%c3%a9ditions\/1507815722823608?ref=hl\" \/>\n<meta property=\"article:published_time\" content=\"2015-03-09T19:06:00+00:00\" \/>\n<meta property=\"article:modified_time\" content=\"2015-03-10T06:32:51+00:00\" \/>\n<meta property=\"og:image\" content=\"https:\/\/i0.wp.com\/bozon2x.be\/blog\/wp-content\/uploads\/2015\/03\/folie_5.png?fit=491%2C272&ssl=1\" \/>\n\t<meta property=\"og:image:width\" content=\"491\" \/>\n\t<meta property=\"og:image:height\" content=\"272\" \/>\n\t<meta property=\"og:image:type\" content=\"image\/png\" \/>\n<meta name=\"author\" content=\"Georgie de Saint-Maur\" \/>\n<meta name=\"twitter:card\" content=\"summary_large_image\" \/>\n<meta name=\"twitter:creator\" content=\"@Bozon2xBozon\" \/>\n<meta name=\"twitter:site\" content=\"@Bozon2xBozon\" \/>\n<meta name=\"twitter:label1\" content=\"\u00c9crit par\" \/>\n\t<meta name=\"twitter:data1\" content=\"Georgie de Saint-Maur\" \/>\n\t<meta name=\"twitter:label2\" content=\"Dur\u00e9e de lecture estim\u00e9e\" \/>\n\t<meta name=\"twitter:data2\" content=\"8 minutes\" \/>\n<script type=\"application\/ld+json\" class=\"yoast-schema-graph\">{\"@context\":\"https:\\\/\\\/schema.org\",\"@graph\":[{\"@type\":\"Article\",\"@id\":\"https:\\\/\\\/bozon2x.be\\\/blog\\\/mad-as-a-march-hare\\\/#article\",\"isPartOf\":{\"@id\":\"https:\\\/\\\/bozon2x.be\\\/blog\\\/mad-as-a-march-hare\\\/\"},\"author\":{\"name\":\"Georgie de Saint-Maur\",\"@id\":\"https:\\\/\\\/bozon2x.be\\\/blog\\\/#\\\/schema\\\/person\\\/6ce0c4e793b8cc57af61932ec9e4155c\"},\"headline\":\"Mad as a march hare\",\"datePublished\":\"2015-03-09T19:06:00+00:00\",\"dateModified\":\"2015-03-10T06:32:51+00:00\",\"mainEntityOfPage\":{\"@id\":\"https:\\\/\\\/bozon2x.be\\\/blog\\\/mad-as-a-march-hare\\\/\"},\"wordCount\":1508,\"commentCount\":6,\"image\":{\"@id\":\"https:\\\/\\\/bozon2x.be\\\/blog\\\/mad-as-a-march-hare\\\/#primaryimage\"},\"thumbnailUrl\":\"https:\\\/\\\/i0.wp.com\\\/bozon2x.be\\\/blog\\\/wp-content\\\/uploads\\\/2015\\\/03\\\/folie_5.png?fit=491%2C272&ssl=1\",\"keywords\":[\"Alain Van der Biest\",\"Alice au pays des merveilles\",\"Andr\u00e9 Cools\",\"Christine Lagarde\",\"DSK\",\"FMI\",\"Folie\",\"Georgie de Saint-Maur\",\"Humpty Dumpty\",\"Lewis Carrol\",\"Li\u00e8vre de mars\",\"m\u00e9lancolie\",\"musique\",\"Patrick Haemers\",\"printemps\"],\"articleSection\":[\"La folie des glandeurs\"],\"inLanguage\":\"fr-FR\",\"potentialAction\":[{\"@type\":\"CommentAction\",\"name\":\"Comment\",\"target\":[\"https:\\\/\\\/bozon2x.be\\\/blog\\\/mad-as-a-march-hare\\\/#respond\"]}]},{\"@type\":\"WebPage\",\"@id\":\"https:\\\/\\\/bozon2x.be\\\/blog\\\/mad-as-a-march-hare\\\/\",\"url\":\"https:\\\/\\\/bozon2x.be\\\/blog\\\/mad-as-a-march-hare\\\/\",\"name\":\"Mad as a march hare\",\"isPartOf\":{\"@id\":\"https:\\\/\\\/bozon2x.be\\\/blog\\\/#website\"},\"primaryImageOfPage\":{\"@id\":\"https:\\\/\\\/bozon2x.be\\\/blog\\\/mad-as-a-march-hare\\\/#primaryimage\"},\"image\":{\"@id\":\"https:\\\/\\\/bozon2x.be\\\/blog\\\/mad-as-a-march-hare\\\/#primaryimage\"},\"thumbnailUrl\":\"https:\\\/\\\/i0.wp.com\\\/bozon2x.be\\\/blog\\\/wp-content\\\/uploads\\\/2015\\\/03\\\/folie_5.png?fit=491%2C272&ssl=1\",\"datePublished\":\"2015-03-09T19:06:00+00:00\",\"dateModified\":\"2015-03-10T06:32:51+00:00\",\"author\":{\"@id\":\"https:\\\/\\\/bozon2x.be\\\/blog\\\/#\\\/schema\\\/person\\\/6ce0c4e793b8cc57af61932ec9e4155c\"},\"description\":\"- \u00ab\u00a0Par l\u00e0 habite le chapelier toqu\u00e9, et par l\u00e0 le li\u00e8vre de mars\u2026\u00a0\u00bb - \u00ab\u00a0Merci, je crois que je vais aller voir le li\u00e8vre.\u00a0\u00bb - \u00ab\u00a0Naturellement, il est fou\",\"breadcrumb\":{\"@id\":\"https:\\\/\\\/bozon2x.be\\\/blog\\\/mad-as-a-march-hare\\\/#breadcrumb\"},\"inLanguage\":\"fr-FR\",\"potentialAction\":[{\"@type\":\"ReadAction\",\"target\":[\"https:\\\/\\\/bozon2x.be\\\/blog\\\/mad-as-a-march-hare\\\/\"]}]},{\"@type\":\"ImageObject\",\"inLanguage\":\"fr-FR\",\"@id\":\"https:\\\/\\\/bozon2x.be\\\/blog\\\/mad-as-a-march-hare\\\/#primaryimage\",\"url\":\"https:\\\/\\\/i0.wp.com\\\/bozon2x.be\\\/blog\\\/wp-content\\\/uploads\\\/2015\\\/03\\\/folie_5.png?fit=491%2C272&ssl=1\",\"contentUrl\":\"https:\\\/\\\/i0.wp.com\\\/bozon2x.be\\\/blog\\\/wp-content\\\/uploads\\\/2015\\\/03\\\/folie_5.png?fit=491%2C272&ssl=1\",\"width\":491,\"height\":272},{\"@type\":\"BreadcrumbList\",\"@id\":\"https:\\\/\\\/bozon2x.be\\\/blog\\\/mad-as-a-march-hare\\\/#breadcrumb\",\"itemListElement\":[{\"@type\":\"ListItem\",\"position\":1,\"name\":\"Accueil\",\"item\":\"https:\\\/\\\/bozon2x.be\\\/blog\\\/\"},{\"@type\":\"ListItem\",\"position\":2,\"name\":\"Mad as a march hare\"}]},{\"@type\":\"WebSite\",\"@id\":\"https:\\\/\\\/bozon2x.be\\\/blog\\\/#website\",\"url\":\"https:\\\/\\\/bozon2x.be\\\/blog\\\/\",\"name\":\"BOZON2X EDITIONS\",\"description\":\"Acc\u00e9l\u00e9rateur de particules neuronales\",\"potentialAction\":[{\"@type\":\"SearchAction\",\"target\":{\"@type\":\"EntryPoint\",\"urlTemplate\":\"https:\\\/\\\/bozon2x.be\\\/blog\\\/?s={search_term_string}\"},\"query-input\":{\"@type\":\"PropertyValueSpecification\",\"valueRequired\":true,\"valueName\":\"search_term_string\"}}],\"inLanguage\":\"fr-FR\"},{\"@type\":\"Person\",\"@id\":\"https:\\\/\\\/bozon2x.be\\\/blog\\\/#\\\/schema\\\/person\\\/6ce0c4e793b8cc57af61932ec9e4155c\",\"name\":\"Georgie de Saint-Maur\",\"image\":{\"@type\":\"ImageObject\",\"inLanguage\":\"fr-FR\",\"@id\":\"https:\\\/\\\/secure.gravatar.com\\\/avatar\\\/1f4636a57422df836357dc11ab1f6b0d97a91df824ed902a10c0bc5006f63a80?s=96&d=mm&r=g\",\"url\":\"https:\\\/\\\/secure.gravatar.com\\\/avatar\\\/1f4636a57422df836357dc11ab1f6b0d97a91df824ed902a10c0bc5006f63a80?s=96&d=mm&r=g\",\"contentUrl\":\"https:\\\/\\\/secure.gravatar.com\\\/avatar\\\/1f4636a57422df836357dc11ab1f6b0d97a91df824ed902a10c0bc5006f63a80?s=96&d=mm&r=g\",\"caption\":\"Georgie de Saint-Maur\"},\"url\":\"https:\\\/\\\/bozon2x.be\\\/blog\\\/author\\\/saintmaur\\\/\"}]}<\/script>\n<!-- \/ Yoast SEO plugin. -->","yoast_head_json":{"title":"Mad as a march hare","description":"- \u00ab\u00a0Par l\u00e0 habite le chapelier toqu\u00e9, et par l\u00e0 le li\u00e8vre de mars\u2026\u00a0\u00bb - \u00ab\u00a0Merci, je crois que je vais aller voir le li\u00e8vre.\u00a0\u00bb - \u00ab\u00a0Naturellement, il est fou","robots":{"index":"index","follow":"follow","max-snippet":"max-snippet:-1","max-image-preview":"max-image-preview:large","max-video-preview":"max-video-preview:-1"},"canonical":"https:\/\/bozon2x.be\/blog\/mad-as-a-march-hare\/","og_locale":"fr_FR","og_type":"article","og_title":"Mad as a march hare","og_description":"- \u00ab\u00a0Par l\u00e0 habite le chapelier toqu\u00e9, et par l\u00e0 le li\u00e8vre de mars\u2026\u00a0\u00bb - \u00ab\u00a0Merci, je crois que je vais aller voir le li\u00e8vre.\u00a0\u00bb - \u00ab\u00a0Naturellement, il est fou","og_url":"https:\/\/bozon2x.be\/blog\/mad-as-a-march-hare\/","og_site_name":"BOZON2X EDITIONS","article_publisher":"https:\/\/www.facebook.com\/pages\/Bozon2x-%c3%a9ditions\/1507815722823608?ref=hl","article_published_time":"2015-03-09T19:06:00+00:00","article_modified_time":"2015-03-10T06:32:51+00:00","og_image":[{"width":491,"height":272,"url":"https:\/\/i0.wp.com\/bozon2x.be\/blog\/wp-content\/uploads\/2015\/03\/folie_5.png?fit=491%2C272&ssl=1","type":"image\/png"}],"author":"Georgie de Saint-Maur","twitter_card":"summary_large_image","twitter_creator":"@Bozon2xBozon","twitter_site":"@Bozon2xBozon","twitter_misc":{"\u00c9crit par":"Georgie de Saint-Maur","Dur\u00e9e de lecture estim\u00e9e":"8 minutes"},"schema":{"@context":"https:\/\/schema.org","@graph":[{"@type":"Article","@id":"https:\/\/bozon2x.be\/blog\/mad-as-a-march-hare\/#article","isPartOf":{"@id":"https:\/\/bozon2x.be\/blog\/mad-as-a-march-hare\/"},"author":{"name":"Georgie de Saint-Maur","@id":"https:\/\/bozon2x.be\/blog\/#\/schema\/person\/6ce0c4e793b8cc57af61932ec9e4155c"},"headline":"Mad as a march hare","datePublished":"2015-03-09T19:06:00+00:00","dateModified":"2015-03-10T06:32:51+00:00","mainEntityOfPage":{"@id":"https:\/\/bozon2x.be\/blog\/mad-as-a-march-hare\/"},"wordCount":1508,"commentCount":6,"image":{"@id":"https:\/\/bozon2x.be\/blog\/mad-as-a-march-hare\/#primaryimage"},"thumbnailUrl":"https:\/\/i0.wp.com\/bozon2x.be\/blog\/wp-content\/uploads\/2015\/03\/folie_5.png?fit=491%2C272&ssl=1","keywords":["Alain Van der Biest","Alice au pays des merveilles","Andr\u00e9 Cools","Christine Lagarde","DSK","FMI","Folie","Georgie de Saint-Maur","Humpty Dumpty","Lewis Carrol","Li\u00e8vre de mars","m\u00e9lancolie","musique","Patrick Haemers","printemps"],"articleSection":["La folie des glandeurs"],"inLanguage":"fr-FR","potentialAction":[{"@type":"CommentAction","name":"Comment","target":["https:\/\/bozon2x.be\/blog\/mad-as-a-march-hare\/#respond"]}]},{"@type":"WebPage","@id":"https:\/\/bozon2x.be\/blog\/mad-as-a-march-hare\/","url":"https:\/\/bozon2x.be\/blog\/mad-as-a-march-hare\/","name":"Mad as a march hare","isPartOf":{"@id":"https:\/\/bozon2x.be\/blog\/#website"},"primaryImageOfPage":{"@id":"https:\/\/bozon2x.be\/blog\/mad-as-a-march-hare\/#primaryimage"},"image":{"@id":"https:\/\/bozon2x.be\/blog\/mad-as-a-march-hare\/#primaryimage"},"thumbnailUrl":"https:\/\/i0.wp.com\/bozon2x.be\/blog\/wp-content\/uploads\/2015\/03\/folie_5.png?fit=491%2C272&ssl=1","datePublished":"2015-03-09T19:06:00+00:00","dateModified":"2015-03-10T06:32:51+00:00","author":{"@id":"https:\/\/bozon2x.be\/blog\/#\/schema\/person\/6ce0c4e793b8cc57af61932ec9e4155c"},"description":"- \u00ab\u00a0Par l\u00e0 habite le chapelier toqu\u00e9, et par l\u00e0 le li\u00e8vre de mars\u2026\u00a0\u00bb - \u00ab\u00a0Merci, je crois que je vais aller voir le li\u00e8vre.\u00a0\u00bb - \u00ab\u00a0Naturellement, il est fou","breadcrumb":{"@id":"https:\/\/bozon2x.be\/blog\/mad-as-a-march-hare\/#breadcrumb"},"inLanguage":"fr-FR","potentialAction":[{"@type":"ReadAction","target":["https:\/\/bozon2x.be\/blog\/mad-as-a-march-hare\/"]}]},{"@type":"ImageObject","inLanguage":"fr-FR","@id":"https:\/\/bozon2x.be\/blog\/mad-as-a-march-hare\/#primaryimage","url":"https:\/\/i0.wp.com\/bozon2x.be\/blog\/wp-content\/uploads\/2015\/03\/folie_5.png?fit=491%2C272&ssl=1","contentUrl":"https:\/\/i0.wp.com\/bozon2x.be\/blog\/wp-content\/uploads\/2015\/03\/folie_5.png?fit=491%2C272&ssl=1","width":491,"height":272},{"@type":"BreadcrumbList","@id":"https:\/\/bozon2x.be\/blog\/mad-as-a-march-hare\/#breadcrumb","itemListElement":[{"@type":"ListItem","position":1,"name":"Accueil","item":"https:\/\/bozon2x.be\/blog\/"},{"@type":"ListItem","position":2,"name":"Mad as a march hare"}]},{"@type":"WebSite","@id":"https:\/\/bozon2x.be\/blog\/#website","url":"https:\/\/bozon2x.be\/blog\/","name":"BOZON2X EDITIONS","description":"Acc\u00e9l\u00e9rateur de particules neuronales","potentialAction":[{"@type":"SearchAction","target":{"@type":"EntryPoint","urlTemplate":"https:\/\/bozon2x.be\/blog\/?s={search_term_string}"},"query-input":{"@type":"PropertyValueSpecification","valueRequired":true,"valueName":"search_term_string"}}],"inLanguage":"fr-FR"},{"@type":"Person","@id":"https:\/\/bozon2x.be\/blog\/#\/schema\/person\/6ce0c4e793b8cc57af61932ec9e4155c","name":"Georgie de Saint-Maur","image":{"@type":"ImageObject","inLanguage":"fr-FR","@id":"https:\/\/secure.gravatar.com\/avatar\/1f4636a57422df836357dc11ab1f6b0d97a91df824ed902a10c0bc5006f63a80?s=96&d=mm&r=g","url":"https:\/\/secure.gravatar.com\/avatar\/1f4636a57422df836357dc11ab1f6b0d97a91df824ed902a10c0bc5006f63a80?s=96&d=mm&r=g","contentUrl":"https:\/\/secure.gravatar.com\/avatar\/1f4636a57422df836357dc11ab1f6b0d97a91df824ed902a10c0bc5006f63a80?s=96&d=mm&r=g","caption":"Georgie de Saint-Maur"},"url":"https:\/\/bozon2x.be\/blog\/author\/saintmaur\/"}]}},"jetpack_sharing_enabled":true,"jetpack_shortlink":"https:\/\/wp.me\/p5k2Xt-4c","jetpack-related-posts":[],"jetpack_featured_media_url":"https:\/\/i0.wp.com\/bozon2x.be\/blog\/wp-content\/uploads\/2015\/03\/folie_5.png?fit=491%2C272&ssl=1","_links":{"self":[{"href":"https:\/\/bozon2x.be\/blog\/wp-json\/wp\/v2\/posts\/260","targetHints":{"allow":["GET"]}}],"collection":[{"href":"https:\/\/bozon2x.be\/blog\/wp-json\/wp\/v2\/posts"}],"about":[{"href":"https:\/\/bozon2x.be\/blog\/wp-json\/wp\/v2\/types\/post"}],"author":[{"embeddable":true,"href":"https:\/\/bozon2x.be\/blog\/wp-json\/wp\/v2\/users\/4"}],"replies":[{"embeddable":true,"href":"https:\/\/bozon2x.be\/blog\/wp-json\/wp\/v2\/comments?post=260"}],"version-history":[{"count":7,"href":"https:\/\/bozon2x.be\/blog\/wp-json\/wp\/v2\/posts\/260\/revisions"}],"predecessor-version":[{"id":271,"href":"https:\/\/bozon2x.be\/blog\/wp-json\/wp\/v2\/posts\/260\/revisions\/271"}],"wp:featuredmedia":[{"embeddable":true,"href":"https:\/\/bozon2x.be\/blog\/wp-json\/wp\/v2\/media\/265"}],"wp:attachment":[{"href":"https:\/\/bozon2x.be\/blog\/wp-json\/wp\/v2\/media?parent=260"}],"wp:term":[{"taxonomy":"category","embeddable":true,"href":"https:\/\/bozon2x.be\/blog\/wp-json\/wp\/v2\/categories?post=260"},{"taxonomy":"post_tag","embeddable":true,"href":"https:\/\/bozon2x.be\/blog\/wp-json\/wp\/v2\/tags?post=260"}],"curies":[{"name":"wp","href":"https:\/\/api.w.org\/{rel}","templated":true}]}}