{"id":1548,"date":"2024-01-14T16:31:08","date_gmt":"2024-01-14T15:31:08","guid":{"rendered":"https:\/\/bozon2x.be\/blog\/?p=1548"},"modified":"2024-01-14T16:31:15","modified_gmt":"2024-01-14T15:31:15","slug":"six-questions-a-lorenzo-soccavo","status":"publish","type":"post","link":"https:\/\/bozon2x.be\/blog\/six-questions-a-lorenzo-soccavo\/","title":{"rendered":"Six questions \u00e0 Lorenzo Soccavo"},"content":{"rendered":"<p>CE 08 F\u00c9VRIER BOZON2X \u00c9D. LANCENT\u00a0UNE COLLECTION \u00ab ESSAI \u00bb D\u00c9DI\u00c9E \u00c0 LA LITT\u00c9RATURE<br \/>\nAVEC <em>TERRES DE FICTION<\/em>\u00a0 DE LORENZO SOCCAVO<\/p>\n<p><strong>Chercheur en litt\u00e9rature,\u00a0passionn\u00e9 par l&rsquo;immersion fictionnelle, les travaux de Lorenzo Soccavo portent actuellement sur le concept original de<i> Fictionaute<\/i> (ce que nous projetons de nous dans le monde de la fiction et de ses personnages quand nous lisons un roman) et le sentiment de \u00ab\u00a0travers\u00e9e du miroir\u00a0\u00bb par les lectrices et lecteurs de fictions litt\u00e9raires.<span class=\"Apple-converted-space\"><br \/>\nRencontre, de l&rsquo;autre c\u00f4t\u00e9 du miroir, avec un essayiste des plus singuliers.\u00a0<\/span><\/strong><\/p>\n<p><b><i>Peux-tu nous dire l\u2019origine de ta passion pour la litt\u00e9rature et ses mondes imaginaires\u00a0?<br \/>\n<\/i><\/b><\/p>\n<p><b>Lorenzo Soccavo :<\/b> Je peux essayer oui\u2026 Je pr\u00e9ciserais d\u2019abord que pour moi c\u2019est de langage et de fuite qu\u2019il s\u2019agit, de lecture et de territoires. Pour moi, la litt\u00e9rature est, dans les faits, un laboratoire pour \u00e9prouver l\u2019au-del\u00e0 des mots. J\u2019ai toujours eu un rapport difficile avec le langage, notamment enfant, et en m\u00eame temps je jouais beaucoup. Par le jeu, j\u2019acc\u00e9dais en imagination \u00e0 d\u2019autres territoires que ceux qui \u00e9taient pr\u00e9sents et referm\u00e9s sur eux, la chambre et le jardin, et o\u00f9 j\u2019\u00e9chappais \u00e0 la toxicit\u00e9 du cercle familial r\u00e9duit. Un jour, une journaliste a \u00e9crit que je m\u2019\u00e9tais r\u00e9fugi\u00e9 dans la lecture parce que j\u2019avais eu une enfance malheureuse. C\u2019est caricatural. Je ne suis pas une victime. Avec cet essai, c\u2019est un grand jeu auto-fictionnel qui commence pour moi. Un jeu dans lequel je cesse enfin d\u2019\u00eatre une marionnette. C\u2019est-\u00e0-dire un petit Mario. Mario \u00e9tait le pr\u00e9nom de mon p\u00e8re. Il ne m\u2019a jamais ni \u00e9lev\u00e9, ni aim\u00e9, mais surtout derri\u00e8re ce marionnettiste que je craignais, il y avait toujours la vraie manipulatrice\u00a0: la <i>genitrix<\/i>, qui tirait aussi les fils du marionnettiste. Ce n\u2019est pas le lieu d\u2019en parler mais, \u00e9tant un enfant de remplacement, j\u2019ai \u00e9t\u00e9 tr\u00e8s et trop t\u00f4t confront\u00e9 aux myst\u00e8res de la mort, engag\u00e9 dans la recherche que je poursuis aujourd\u2019hui encore. Je cherche par la lecture, dans la manifestation du langage qu\u2019est la litt\u00e9rature, \u00e0 approcher le passage tout en restant vivant. Il y a, je crois, une fonction psychopompe de la lecture de fictions. Cela dit, il me faudrait relire le roman de Fran\u00e7ois Mauriac qui a justement pour titre\u00a0: <i>Genitrix<\/i>.<\/p>\n<p><b><i>Te souviens-tu de la raison ou des circonstances qui ont vu \u00e9merger, chez toi, le concept de \u00ab\u00a0fictionaute\u00a0\u00bb\u00a0?<\/i><\/b><\/p>\n<p><b>L.S. :<\/b> C\u2019est fou mais non. J\u2019ai l\u2019impression que c\u2019est venu naturellement, ou plut\u00f4t que cela a toujours \u00e9t\u00e9 une \u00e9vidence pour moi. Le petit gar\u00e7on solitaire qui, avec un petit fusil en plastique, joue au cow-boy dans un jardin de banlieue, se projette tout entier dans le western qu\u2019il a vu la veille \u00e0 la t\u00e9l\u00e9vision. C\u2019\u00e9tait le cas. Depuis <i>Voyage au centre de la Terre<\/i> de Jules Verne, lu enfant, j\u2019\u00e9tais fictionaute comme monsieur Jourdain \u00e9tait prosateur sans le savoir.<\/p>\n<p><b><i>Qu\u2019entends-tu, au juste, par \u00ab\u00a0Terres de fiction\u00a0\u00bb\u00a0?<\/i><\/b><\/p>\n<p><b>L.S. : <\/b>Une Terre promise. Un monde moins cruel, un \u00ab\u00a0<i>pays o\u00f9 coulent le lait et le miel <\/i>\u00bb comme il est dit dans l\u2019Ancien Testament. Mais pour moi sans r\u00e9f\u00e9rence particuli\u00e8re \u00e0 Isra\u00ebl. Dans nos soci\u00e9t\u00e9s contemporaines les mondes des fictions figurent tous g\u00e9n\u00e9riquement une Terre promise je crois. Bien s\u00fbr, il y a des dystopies mais, \u00e0 la fin, le h\u00e9ros s\u2019en sort toujours plus ou moins. Le pluriel c\u2019est juste pour signifier que dans l\u2019\u00e9locution, m\u00eame silencieuse de la lecture, les mondes fictionnels dans lesquels nous nous absentons de celui r\u00e9el dans lequel nous lisons, expriment tous en quelque sorte une nostalgie de la Terre promise. D\u2019o\u00f9 le sous-titre\u00a0: <i>De quel c\u00f4t\u00e9 du miroir sommes-nous\u00a0?<\/i> Sous-entendu quand nous lisons&#8230;<\/p>\n<p><img data-recalc-dims=\"1\" loading=\"lazy\" decoding=\"async\" data-attachment-id=\"1561\" data-permalink=\"https:\/\/bozon2x.be\/blog\/six-questions-a-lorenzo-soccavo\/travel-4232767_960_720\/\" data-orig-file=\"https:\/\/i0.wp.com\/bozon2x.be\/blog\/wp-content\/uploads\/2024\/01\/travel-4232767_960_720.jpg?fit=960%2C612&amp;ssl=1\" data-orig-size=\"960,612\" data-comments-opened=\"1\" data-image-meta=\"{&quot;aperture&quot;:&quot;0&quot;,&quot;credit&quot;:&quot;&quot;,&quot;camera&quot;:&quot;&quot;,&quot;caption&quot;:&quot;&quot;,&quot;created_timestamp&quot;:&quot;0&quot;,&quot;copyright&quot;:&quot;&quot;,&quot;focal_length&quot;:&quot;0&quot;,&quot;iso&quot;:&quot;0&quot;,&quot;shutter_speed&quot;:&quot;0&quot;,&quot;title&quot;:&quot;&quot;,&quot;orientation&quot;:&quot;0&quot;}\" data-image-title=\"travel-4232767_960_720\" data-image-description=\"\" data-image-caption=\"\" data-large-file=\"https:\/\/i0.wp.com\/bozon2x.be\/blog\/wp-content\/uploads\/2024\/01\/travel-4232767_960_720.jpg?fit=800%2C510&amp;ssl=1\" class=\"size-full wp-image-1561 aligncenter\" src=\"https:\/\/i0.wp.com\/bozon2x.be\/blog\/wp-content\/uploads\/2024\/01\/travel-4232767_960_720.jpg?resize=800%2C510&#038;ssl=1\" alt=\"\" width=\"800\" height=\"510\" srcset=\"https:\/\/i0.wp.com\/bozon2x.be\/blog\/wp-content\/uploads\/2024\/01\/travel-4232767_960_720.jpg?w=960&amp;ssl=1 960w, https:\/\/i0.wp.com\/bozon2x.be\/blog\/wp-content\/uploads\/2024\/01\/travel-4232767_960_720.jpg?resize=300%2C191&amp;ssl=1 300w, https:\/\/i0.wp.com\/bozon2x.be\/blog\/wp-content\/uploads\/2024\/01\/travel-4232767_960_720.jpg?resize=768%2C490&amp;ssl=1 768w\" sizes=\"auto, (max-width: 800px) 100vw, 800px\" \/><\/p>\n<p><b><i>As-tu jamais pens\u00e9 \u00e0 \u00e9crire une s\u00e9rie de nouvelles, un roman, bref une \u0153uvre de fiction\u00a0?<\/i><\/b><\/p>\n<p><b>L.S. : <\/b>Si bien s\u00fbr. Je m\u2019y suis essay\u00e9 dans ma jeunesse. Le th\u00e9\u00e2tre notamment. Mais je dois reconna\u00eetre que je n\u2019ai pas de talent pour raconter des histoires. Je cherche \u00e0 dire le vrai, mais mon probl\u00e8me est que, finalement, on ne peut dire que des histoires. Il faut dire aussi que, g\u00e9n\u00e9ralement, il n\u2019y a pas d\u2019entraide, de compr\u00e9hension, d\u2019hospitalit\u00e9. Dans son roman <i>Mendiants et orgueilleux<\/i> Albert Cossery fait dire \u00e0 son personnage principal\u00a0: \u00ab\u00a0<i>La v\u00e9rit\u00e9, monsieur l\u2019officier, est que tu t\u2019\u00e9tonnes facilement. La vie, la vraie vie, est d\u2019une simplicit\u00e9 enfantine. Il n\u2019y a pas de myst\u00e8re. Il y a seulement des salauds.<\/i>\u00a0\u00bb. C\u2019est vrai. Les salauds, pour moi, sont ceux qui d\u2019autorit\u00e9 se consid\u00e8rent au-dessus des autres, et je peux dire que depuis la cour de r\u00e9cr\u00e9ation de maternelle, j\u2019en ai crois\u00e9s beaucoup. Cet essai n\u2019est pas seulement le d\u00e9but d\u2019un grand jeu tragique, c\u2019est aussi une ruse\u00a0: j\u2019arrive par la chemin\u00e9e comme le P\u00e8re No\u00ebl alors que l\u2019on m\u2019avait toujours ferm\u00e9 portes et fen\u00eatres au nez. Je dis comme le P\u00e8re No\u00ebl parce que mon objectif est aussi d\u2019aider celles et ceux qui, comme moi, se confrontent sans cesse au langage et aux salauds.<\/p>\n<p><b><i>Quel est ton regard sur la litt\u00e9rature actuelle et francophone en particulier\u00a0?<\/i><\/b><\/p>\n<p><b>L.S. :<\/b> Je ne veux pas porter de jugements. Mes lectures s\u2019encha\u00eenent spontan\u00e9ment par une sorte de sororit\u00e9 entre elles ou par s\u00e9rendipit\u00e9, mais aucunement en suivant l\u2019actualit\u00e9 litt\u00e9raire. Par ailleurs, je ressens indiscutablement une attirance bien plus marqu\u00e9e pour la litt\u00e9rature du dix-neuvi\u00e8me jusqu\u2019\u00e0 disons la premi\u00e8re moiti\u00e9 du vingti\u00e8me si\u00e8cle. Par exemple comme aventure litt\u00e9raire du r\u00e9cent \u00e9t\u00e9 2023 j\u2019ai lu la t\u00e9tralogie de Thomas Mann, les quatre volumes de <i>Joseph et ses fr\u00e8res<\/i>, reprenant l\u2019histoire de Jacob et de ses fils telle qu\u2019elle nous est cont\u00e9e dans l\u2019Ancien Testament mais avec l\u2019effervescence de l\u2019imaginaire que permet la fictionnalisation litt\u00e9raire. Cela dit, parmi les auteurs vivants, j\u2019appr\u00e9cie Pascal Quignard, surtout pour la nostalgie que je garde de ses romans pass\u00e9s comme <i>Le Salon du Wurtemberg<\/i>, <i>Les Escaliers de Chambord<\/i>, puis bien s\u00fbr <i>Tous les matins du monde<\/i>. Je pense aussi \u00e0 Pierre Michon. J\u2019ai toujours lu avec plaisir Richard Millet, H\u00e9di Kaddour\u2026 Pour citer une femme, et ne pas injustement \u00eatre \u00e9tiquet\u00e9 je ne sais quoi, je dirais un mot sur Sylvie Germain. La lecture de son roman <i>Jours de col\u00e8re<\/i> fut un vrai bonheur pour moi. Je l\u2019ai d\u00e9couvert suite aux insultes \u00e0 son encontre par des lyc\u00e9ens en France en juin 2022 et j\u2019esp\u00e8re que cet incident lui aura apport\u00e9 beaucoup de lectrices et de lecteurs\u00a0!<\/p>\n<p><b><i>Quels sont tes projets d\u2019\u00e9criture apr\u00e8s publication de Terres de fiction\u00a0?<\/i><\/b><\/p>\n<p><b>L.S. : <\/b>Cet essai est aussi pour moi une forme d\u2019autofiction, s\u2019il trouve son lectorat et a un certain retentissement deux autres devraient, en tout cas, pourraient suivre. En v\u00e9rit\u00e9, dans mon esprit, c\u2019est une trilogie qui est pr\u00e9vue. Le deuxi\u00e8me, d\u00e9j\u00e0 amorc\u00e9, devrait traiter du grand sabbat dans lequel le langage nous entra\u00eene. Il pourrait avoir comme sous-titre\u00a0: <i>Les mots nous veulent-ils du mal\u00a0?<\/i> Il ne s\u2019agira plus comme dans ce premier de chercher \u00e0 nommer ce qui s\u00e9parerait la r\u00e9alit\u00e9 de la fiction, mais d\u2019aborder les exp\u00e9riences de pens\u00e9e qui pourraient nous permettre d\u2019aller et de venir en toute conscience de l\u2019une \u00e0 l\u2019autre. Le troisi\u00e8me, si je l\u2019\u00e9cris un jour, ira plus loin encore en moi pour d\u00e9chirer le voile, il traitera de la mal\u00e9diction de l\u2019enfance comme annonciatrice d\u2019une b\u00e9n\u00e9diction, car il s\u2019agit toujours bien de cela d\u2019abord\u00a0: de pouvoir dire ou de devoir se taire, de bien dire ou de mal dire, d\u2019\u00eatre bien ou mal nomm\u00e9. Il pourrait avoir comme sous-titre <i>L\u2019a-m\u00e8zon<\/i>, ainsi orthographi\u00e9 avec le a privatif mais un trait d\u2019union\u2026 C\u2019est la maison d\u2019enfance et donc&#8230; Donc, en fin de compte, l\u2019annonce d\u2019une possible b\u00e9n\u00e9diction \u00e0 venir avec, je l\u2019esp\u00e8re pour moi, pour terme \u00e0 l\u2019heure de ma mort, le Salut de mon \u00e2me. Cela ne plaira pas \u00e0 tout le monde, le Salut de mon \u00e2me, mais tant pis.<\/p>\n<hr size=\"0.5px\" \/>\n<p><b><a href=\"http:\/\/bozon2x.be\"><img data-recalc-dims=\"1\" loading=\"lazy\" decoding=\"async\" data-attachment-id=\"1558\" data-permalink=\"https:\/\/bozon2x.be\/blog\/six-questions-a-lorenzo-soccavo\/terres-de-fiction-2\/\" data-orig-file=\"https:\/\/i0.wp.com\/bozon2x.be\/blog\/wp-content\/uploads\/2024\/01\/Terres-de-fiction-1.jpg?fit=1644%2C2224&amp;ssl=1\" data-orig-size=\"1644,2224\" data-comments-opened=\"1\" data-image-meta=\"{&quot;aperture&quot;:&quot;0&quot;,&quot;credit&quot;:&quot;&quot;,&quot;camera&quot;:&quot;&quot;,&quot;caption&quot;:&quot;&quot;,&quot;created_timestamp&quot;:&quot;0&quot;,&quot;copyright&quot;:&quot;&quot;,&quot;focal_length&quot;:&quot;0&quot;,&quot;iso&quot;:&quot;0&quot;,&quot;shutter_speed&quot;:&quot;0&quot;,&quot;title&quot;:&quot;&quot;,&quot;orientation&quot;:&quot;0&quot;}\" data-image-title=\"Terres-de-fiction\" data-image-description=\"\" data-image-caption=\"\" data-large-file=\"https:\/\/i0.wp.com\/bozon2x.be\/blog\/wp-content\/uploads\/2024\/01\/Terres-de-fiction-1.jpg?fit=757%2C1024&amp;ssl=1\" class=\"alignleft wp-image-1558 size-medium\" src=\"https:\/\/i0.wp.com\/bozon2x.be\/blog\/wp-content\/uploads\/2024\/01\/Terres-de-fiction-1.jpg?resize=222%2C300&#038;ssl=1\" alt=\"\" width=\"222\" height=\"300\" srcset=\"https:\/\/i0.wp.com\/bozon2x.be\/blog\/wp-content\/uploads\/2024\/01\/Terres-de-fiction-1.jpg?resize=222%2C300&amp;ssl=1 222w, https:\/\/i0.wp.com\/bozon2x.be\/blog\/wp-content\/uploads\/2024\/01\/Terres-de-fiction-1.jpg?resize=757%2C1024&amp;ssl=1 757w, https:\/\/i0.wp.com\/bozon2x.be\/blog\/wp-content\/uploads\/2024\/01\/Terres-de-fiction-1.jpg?resize=768%2C1039&amp;ssl=1 768w, https:\/\/i0.wp.com\/bozon2x.be\/blog\/wp-content\/uploads\/2024\/01\/Terres-de-fiction-1.jpg?resize=1135%2C1536&amp;ssl=1 1135w, https:\/\/i0.wp.com\/bozon2x.be\/blog\/wp-content\/uploads\/2024\/01\/Terres-de-fiction-1.jpg?resize=1514%2C2048&amp;ssl=1 1514w, https:\/\/i0.wp.com\/bozon2x.be\/blog\/wp-content\/uploads\/2024\/01\/Terres-de-fiction-1.jpg?w=1644&amp;ssl=1 1644w\" sizes=\"auto, (max-width: 222px) 100vw, 222px\" \/><\/a>Terres de fiction<br \/>\n<\/b>Lorenzo Soccavo<br \/>\n142 pages<br \/>\nFormat : 14 x 19 cm<br \/>\nISBN : 978-2-931067-19-2<br \/>\n16 euros<br \/>\n\u00c0 para\u00eetre le 08\/02\/2024<\/p>\n","protected":false},"excerpt":{"rendered":"<p>CE 08 F\u00c9VRIER BOZON2X \u00c9D. LANCENT\u00a0UNE COLLECTION \u00ab ESSAI \u00bb D\u00c9DI\u00c9E \u00c0 LA LITT\u00c9RATURE AVEC TERRES DE FICTION\u00a0 DE LORENZO<\/p>\n","protected":false},"author":10,"featured_media":1556,"comment_status":"open","ping_status":"open","sticky":false,"template":"","format":"standard","meta":{"colormag_page_container_layout":"default_layout","colormag_page_sidebar_layout":"default_layout","_jetpack_newsletter_access":"","_jetpack_dont_email_post_to_subs":false,"_jetpack_newsletter_tier_id":0,"_jetpack_memberships_contains_paywalled_content":false,"_jetpack_memberships_contains_paid_content":false,"footnotes":""},"categories":[15],"tags":[],"class_list":["post-1548","post","type-post","status-publish","format-standard","has-post-thumbnail","hentry","category-prochainement"],"yoast_head":"<!-- This site is optimized with the Yoast SEO plugin v28.3 - https:\/\/yoast.com\/product\/yoast-seo-wordpress\/ -->\n<title>Six questions \u00e0 Lorenzo Soccavo<\/title>\n<meta name=\"description\" content=\"CE 08 F\u00c9VRIER BOZON2X \u00c9D. LANCENT\u00a0UNE COLLECTION \u00ab ESSAI \u00bb D\u00c9DI\u00c9E \u00c0 LA LITT\u00c9RATURE AVEC TERRES DE FICTION\u00a0 DE LORENZO SOCCAVO Chercheur en\" \/>\n<meta name=\"robots\" content=\"index, follow, max-snippet:-1, max-image-preview:large, max-video-preview:-1\" \/>\n<link rel=\"canonical\" href=\"https:\/\/bozon2x.be\/blog\/six-questions-a-lorenzo-soccavo\/\" \/>\n<meta property=\"og:locale\" content=\"fr_FR\" \/>\n<meta property=\"og:type\" content=\"article\" \/>\n<meta property=\"og:title\" content=\"Six questions \u00e0 Lorenzo Soccavo\" \/>\n<meta property=\"og:description\" content=\"CE 08 F\u00c9VRIER BOZON2X \u00c9D. LANCENT\u00a0UNE COLLECTION \u00ab ESSAI \u00bb D\u00c9DI\u00c9E \u00c0 LA LITT\u00c9RATURE AVEC TERRES DE FICTION\u00a0 DE LORENZO SOCCAVO Chercheur en\" \/>\n<meta property=\"og:url\" content=\"https:\/\/bozon2x.be\/blog\/six-questions-a-lorenzo-soccavo\/\" \/>\n<meta property=\"og:site_name\" content=\"BOZON2X EDITIONS\" \/>\n<meta property=\"article:publisher\" content=\"https:\/\/www.facebook.com\/pages\/Bozon2x-%c3%a9ditions\/1507815722823608?ref=hl\" \/>\n<meta property=\"article:published_time\" content=\"2024-01-14T15:31:08+00:00\" \/>\n<meta property=\"article:modified_time\" content=\"2024-01-14T15:31:15+00:00\" \/>\n<meta property=\"og:image\" content=\"https:\/\/bozon2x.be\/blog\/wp-content\/uploads\/2024\/01\/Terres-de-fiction.jpg\" \/>\n\t<meta property=\"og:image:width\" content=\"1644\" \/>\n\t<meta property=\"og:image:height\" content=\"2224\" \/>\n\t<meta property=\"og:image:type\" content=\"image\/jpeg\" \/>\n<meta name=\"author\" content=\"bozon2x\" \/>\n<meta name=\"twitter:card\" content=\"summary_large_image\" \/>\n<meta name=\"twitter:creator\" content=\"@Bozon2xBozon\" \/>\n<meta name=\"twitter:site\" content=\"@Bozon2xBozon\" \/>\n<meta name=\"twitter:label1\" content=\"\u00c9crit par\" \/>\n\t<meta name=\"twitter:data1\" content=\"bozon2x\" \/>\n\t<meta name=\"twitter:label2\" content=\"Dur\u00e9e de lecture estim\u00e9e\" \/>\n\t<meta name=\"twitter:data2\" content=\"7 minutes\" \/>\n<script type=\"application\/ld+json\" class=\"yoast-schema-graph\">{\"@context\":\"https:\\\/\\\/schema.org\",\"@graph\":[{\"@type\":\"Article\",\"@id\":\"https:\\\/\\\/bozon2x.be\\\/blog\\\/six-questions-a-lorenzo-soccavo\\\/#article\",\"isPartOf\":{\"@id\":\"https:\\\/\\\/bozon2x.be\\\/blog\\\/six-questions-a-lorenzo-soccavo\\\/\"},\"author\":{\"name\":\"bozon2x\",\"@id\":\"https:\\\/\\\/bozon2x.be\\\/blog\\\/#\\\/schema\\\/person\\\/937ea07f4a370fb912f3dd9708abf5c4\"},\"headline\":\"Six questions \u00e0 Lorenzo Soccavo\",\"datePublished\":\"2024-01-14T15:31:08+00:00\",\"dateModified\":\"2024-01-14T15:31:15+00:00\",\"mainEntityOfPage\":{\"@id\":\"https:\\\/\\\/bozon2x.be\\\/blog\\\/six-questions-a-lorenzo-soccavo\\\/\"},\"wordCount\":1485,\"commentCount\":0,\"image\":{\"@id\":\"https:\\\/\\\/bozon2x.be\\\/blog\\\/six-questions-a-lorenzo-soccavo\\\/#primaryimage\"},\"thumbnailUrl\":\"https:\\\/\\\/i0.wp.com\\\/bozon2x.be\\\/blog\\\/wp-content\\\/uploads\\\/2024\\\/01\\\/Terres-de-fiction.jpg?fit=1644%2C2224&ssl=1\",\"articleSection\":[\"A para\u00eetre\"],\"inLanguage\":\"fr-FR\",\"potentialAction\":[{\"@type\":\"CommentAction\",\"name\":\"Comment\",\"target\":[\"https:\\\/\\\/bozon2x.be\\\/blog\\\/six-questions-a-lorenzo-soccavo\\\/#respond\"]}]},{\"@type\":\"WebPage\",\"@id\":\"https:\\\/\\\/bozon2x.be\\\/blog\\\/six-questions-a-lorenzo-soccavo\\\/\",\"url\":\"https:\\\/\\\/bozon2x.be\\\/blog\\\/six-questions-a-lorenzo-soccavo\\\/\",\"name\":\"Six questions \u00e0 Lorenzo Soccavo\",\"isPartOf\":{\"@id\":\"https:\\\/\\\/bozon2x.be\\\/blog\\\/#website\"},\"primaryImageOfPage\":{\"@id\":\"https:\\\/\\\/bozon2x.be\\\/blog\\\/six-questions-a-lorenzo-soccavo\\\/#primaryimage\"},\"image\":{\"@id\":\"https:\\\/\\\/bozon2x.be\\\/blog\\\/six-questions-a-lorenzo-soccavo\\\/#primaryimage\"},\"thumbnailUrl\":\"https:\\\/\\\/i0.wp.com\\\/bozon2x.be\\\/blog\\\/wp-content\\\/uploads\\\/2024\\\/01\\\/Terres-de-fiction.jpg?fit=1644%2C2224&ssl=1\",\"datePublished\":\"2024-01-14T15:31:08+00:00\",\"dateModified\":\"2024-01-14T15:31:15+00:00\",\"author\":{\"@id\":\"https:\\\/\\\/bozon2x.be\\\/blog\\\/#\\\/schema\\\/person\\\/937ea07f4a370fb912f3dd9708abf5c4\"},\"description\":\"CE 08 F\u00c9VRIER BOZON2X \u00c9D. LANCENT\u00a0UNE COLLECTION \u00ab ESSAI \u00bb D\u00c9DI\u00c9E \u00c0 LA LITT\u00c9RATURE AVEC TERRES DE FICTION\u00a0 DE LORENZO SOCCAVO Chercheur en\",\"breadcrumb\":{\"@id\":\"https:\\\/\\\/bozon2x.be\\\/blog\\\/six-questions-a-lorenzo-soccavo\\\/#breadcrumb\"},\"inLanguage\":\"fr-FR\",\"potentialAction\":[{\"@type\":\"ReadAction\",\"target\":[\"https:\\\/\\\/bozon2x.be\\\/blog\\\/six-questions-a-lorenzo-soccavo\\\/\"]}]},{\"@type\":\"ImageObject\",\"inLanguage\":\"fr-FR\",\"@id\":\"https:\\\/\\\/bozon2x.be\\\/blog\\\/six-questions-a-lorenzo-soccavo\\\/#primaryimage\",\"url\":\"https:\\\/\\\/i0.wp.com\\\/bozon2x.be\\\/blog\\\/wp-content\\\/uploads\\\/2024\\\/01\\\/Terres-de-fiction.jpg?fit=1644%2C2224&ssl=1\",\"contentUrl\":\"https:\\\/\\\/i0.wp.com\\\/bozon2x.be\\\/blog\\\/wp-content\\\/uploads\\\/2024\\\/01\\\/Terres-de-fiction.jpg?fit=1644%2C2224&ssl=1\",\"width\":1644,\"height\":2224},{\"@type\":\"BreadcrumbList\",\"@id\":\"https:\\\/\\\/bozon2x.be\\\/blog\\\/six-questions-a-lorenzo-soccavo\\\/#breadcrumb\",\"itemListElement\":[{\"@type\":\"ListItem\",\"position\":1,\"name\":\"Accueil\",\"item\":\"https:\\\/\\\/bozon2x.be\\\/blog\\\/\"},{\"@type\":\"ListItem\",\"position\":2,\"name\":\"Six questions \u00e0 Lorenzo Soccavo\"}]},{\"@type\":\"WebSite\",\"@id\":\"https:\\\/\\\/bozon2x.be\\\/blog\\\/#website\",\"url\":\"https:\\\/\\\/bozon2x.be\\\/blog\\\/\",\"name\":\"BOZON2X EDITIONS\",\"description\":\"Acc\u00e9l\u00e9rateur de particules neuronales\",\"potentialAction\":[{\"@type\":\"SearchAction\",\"target\":{\"@type\":\"EntryPoint\",\"urlTemplate\":\"https:\\\/\\\/bozon2x.be\\\/blog\\\/?s={search_term_string}\"},\"query-input\":{\"@type\":\"PropertyValueSpecification\",\"valueRequired\":true,\"valueName\":\"search_term_string\"}}],\"inLanguage\":\"fr-FR\"},{\"@type\":\"Person\",\"@id\":\"https:\\\/\\\/bozon2x.be\\\/blog\\\/#\\\/schema\\\/person\\\/937ea07f4a370fb912f3dd9708abf5c4\",\"name\":\"bozon2x\",\"image\":{\"@type\":\"ImageObject\",\"inLanguage\":\"fr-FR\",\"@id\":\"https:\\\/\\\/secure.gravatar.com\\\/avatar\\\/25b9f28a156409b45d9e99ba8677e78ede647c79e1e60454a88eab3034035ebc?s=96&d=mm&r=g\",\"url\":\"https:\\\/\\\/secure.gravatar.com\\\/avatar\\\/25b9f28a156409b45d9e99ba8677e78ede647c79e1e60454a88eab3034035ebc?s=96&d=mm&r=g\",\"contentUrl\":\"https:\\\/\\\/secure.gravatar.com\\\/avatar\\\/25b9f28a156409b45d9e99ba8677e78ede647c79e1e60454a88eab3034035ebc?s=96&d=mm&r=g\",\"caption\":\"bozon2x\"},\"url\":\"https:\\\/\\\/bozon2x.be\\\/blog\\\/author\\\/bozon2x\\\/\"}]}<\/script>\n<!-- \/ Yoast SEO plugin. -->","yoast_head_json":{"title":"Six questions \u00e0 Lorenzo Soccavo","description":"CE 08 F\u00c9VRIER BOZON2X \u00c9D. LANCENT\u00a0UNE COLLECTION \u00ab ESSAI \u00bb D\u00c9DI\u00c9E \u00c0 LA LITT\u00c9RATURE AVEC TERRES DE FICTION\u00a0 DE LORENZO SOCCAVO Chercheur en","robots":{"index":"index","follow":"follow","max-snippet":"max-snippet:-1","max-image-preview":"max-image-preview:large","max-video-preview":"max-video-preview:-1"},"canonical":"https:\/\/bozon2x.be\/blog\/six-questions-a-lorenzo-soccavo\/","og_locale":"fr_FR","og_type":"article","og_title":"Six questions \u00e0 Lorenzo Soccavo","og_description":"CE 08 F\u00c9VRIER BOZON2X \u00c9D. LANCENT\u00a0UNE COLLECTION \u00ab ESSAI \u00bb D\u00c9DI\u00c9E \u00c0 LA LITT\u00c9RATURE AVEC TERRES DE FICTION\u00a0 DE LORENZO SOCCAVO Chercheur en","og_url":"https:\/\/bozon2x.be\/blog\/six-questions-a-lorenzo-soccavo\/","og_site_name":"BOZON2X EDITIONS","article_publisher":"https:\/\/www.facebook.com\/pages\/Bozon2x-%c3%a9ditions\/1507815722823608?ref=hl","article_published_time":"2024-01-14T15:31:08+00:00","article_modified_time":"2024-01-14T15:31:15+00:00","og_image":[{"width":1644,"height":2224,"url":"https:\/\/bozon2x.be\/blog\/wp-content\/uploads\/2024\/01\/Terres-de-fiction.jpg","type":"image\/jpeg"}],"author":"bozon2x","twitter_card":"summary_large_image","twitter_creator":"@Bozon2xBozon","twitter_site":"@Bozon2xBozon","twitter_misc":{"\u00c9crit par":"bozon2x","Dur\u00e9e de lecture estim\u00e9e":"7 minutes"},"schema":{"@context":"https:\/\/schema.org","@graph":[{"@type":"Article","@id":"https:\/\/bozon2x.be\/blog\/six-questions-a-lorenzo-soccavo\/#article","isPartOf":{"@id":"https:\/\/bozon2x.be\/blog\/six-questions-a-lorenzo-soccavo\/"},"author":{"name":"bozon2x","@id":"https:\/\/bozon2x.be\/blog\/#\/schema\/person\/937ea07f4a370fb912f3dd9708abf5c4"},"headline":"Six questions \u00e0 Lorenzo Soccavo","datePublished":"2024-01-14T15:31:08+00:00","dateModified":"2024-01-14T15:31:15+00:00","mainEntityOfPage":{"@id":"https:\/\/bozon2x.be\/blog\/six-questions-a-lorenzo-soccavo\/"},"wordCount":1485,"commentCount":0,"image":{"@id":"https:\/\/bozon2x.be\/blog\/six-questions-a-lorenzo-soccavo\/#primaryimage"},"thumbnailUrl":"https:\/\/i0.wp.com\/bozon2x.be\/blog\/wp-content\/uploads\/2024\/01\/Terres-de-fiction.jpg?fit=1644%2C2224&ssl=1","articleSection":["A para\u00eetre"],"inLanguage":"fr-FR","potentialAction":[{"@type":"CommentAction","name":"Comment","target":["https:\/\/bozon2x.be\/blog\/six-questions-a-lorenzo-soccavo\/#respond"]}]},{"@type":"WebPage","@id":"https:\/\/bozon2x.be\/blog\/six-questions-a-lorenzo-soccavo\/","url":"https:\/\/bozon2x.be\/blog\/six-questions-a-lorenzo-soccavo\/","name":"Six questions \u00e0 Lorenzo Soccavo","isPartOf":{"@id":"https:\/\/bozon2x.be\/blog\/#website"},"primaryImageOfPage":{"@id":"https:\/\/bozon2x.be\/blog\/six-questions-a-lorenzo-soccavo\/#primaryimage"},"image":{"@id":"https:\/\/bozon2x.be\/blog\/six-questions-a-lorenzo-soccavo\/#primaryimage"},"thumbnailUrl":"https:\/\/i0.wp.com\/bozon2x.be\/blog\/wp-content\/uploads\/2024\/01\/Terres-de-fiction.jpg?fit=1644%2C2224&ssl=1","datePublished":"2024-01-14T15:31:08+00:00","dateModified":"2024-01-14T15:31:15+00:00","author":{"@id":"https:\/\/bozon2x.be\/blog\/#\/schema\/person\/937ea07f4a370fb912f3dd9708abf5c4"},"description":"CE 08 F\u00c9VRIER BOZON2X \u00c9D. LANCENT\u00a0UNE COLLECTION \u00ab ESSAI \u00bb D\u00c9DI\u00c9E \u00c0 LA LITT\u00c9RATURE AVEC TERRES DE FICTION\u00a0 DE LORENZO SOCCAVO Chercheur en","breadcrumb":{"@id":"https:\/\/bozon2x.be\/blog\/six-questions-a-lorenzo-soccavo\/#breadcrumb"},"inLanguage":"fr-FR","potentialAction":[{"@type":"ReadAction","target":["https:\/\/bozon2x.be\/blog\/six-questions-a-lorenzo-soccavo\/"]}]},{"@type":"ImageObject","inLanguage":"fr-FR","@id":"https:\/\/bozon2x.be\/blog\/six-questions-a-lorenzo-soccavo\/#primaryimage","url":"https:\/\/i0.wp.com\/bozon2x.be\/blog\/wp-content\/uploads\/2024\/01\/Terres-de-fiction.jpg?fit=1644%2C2224&ssl=1","contentUrl":"https:\/\/i0.wp.com\/bozon2x.be\/blog\/wp-content\/uploads\/2024\/01\/Terres-de-fiction.jpg?fit=1644%2C2224&ssl=1","width":1644,"height":2224},{"@type":"BreadcrumbList","@id":"https:\/\/bozon2x.be\/blog\/six-questions-a-lorenzo-soccavo\/#breadcrumb","itemListElement":[{"@type":"ListItem","position":1,"name":"Accueil","item":"https:\/\/bozon2x.be\/blog\/"},{"@type":"ListItem","position":2,"name":"Six questions \u00e0 Lorenzo Soccavo"}]},{"@type":"WebSite","@id":"https:\/\/bozon2x.be\/blog\/#website","url":"https:\/\/bozon2x.be\/blog\/","name":"BOZON2X EDITIONS","description":"Acc\u00e9l\u00e9rateur de particules neuronales","potentialAction":[{"@type":"SearchAction","target":{"@type":"EntryPoint","urlTemplate":"https:\/\/bozon2x.be\/blog\/?s={search_term_string}"},"query-input":{"@type":"PropertyValueSpecification","valueRequired":true,"valueName":"search_term_string"}}],"inLanguage":"fr-FR"},{"@type":"Person","@id":"https:\/\/bozon2x.be\/blog\/#\/schema\/person\/937ea07f4a370fb912f3dd9708abf5c4","name":"bozon2x","image":{"@type":"ImageObject","inLanguage":"fr-FR","@id":"https:\/\/secure.gravatar.com\/avatar\/25b9f28a156409b45d9e99ba8677e78ede647c79e1e60454a88eab3034035ebc?s=96&d=mm&r=g","url":"https:\/\/secure.gravatar.com\/avatar\/25b9f28a156409b45d9e99ba8677e78ede647c79e1e60454a88eab3034035ebc?s=96&d=mm&r=g","contentUrl":"https:\/\/secure.gravatar.com\/avatar\/25b9f28a156409b45d9e99ba8677e78ede647c79e1e60454a88eab3034035ebc?s=96&d=mm&r=g","caption":"bozon2x"},"url":"https:\/\/bozon2x.be\/blog\/author\/bozon2x\/"}]}},"jetpack_sharing_enabled":true,"jetpack_shortlink":"https:\/\/wp.me\/p5k2Xt-oY","jetpack-related-posts":[],"jetpack_featured_media_url":"https:\/\/i0.wp.com\/bozon2x.be\/blog\/wp-content\/uploads\/2024\/01\/Terres-de-fiction.jpg?fit=1644%2C2224&ssl=1","_links":{"self":[{"href":"https:\/\/bozon2x.be\/blog\/wp-json\/wp\/v2\/posts\/1548","targetHints":{"allow":["GET"]}}],"collection":[{"href":"https:\/\/bozon2x.be\/blog\/wp-json\/wp\/v2\/posts"}],"about":[{"href":"https:\/\/bozon2x.be\/blog\/wp-json\/wp\/v2\/types\/post"}],"author":[{"embeddable":true,"href":"https:\/\/bozon2x.be\/blog\/wp-json\/wp\/v2\/users\/10"}],"replies":[{"embeddable":true,"href":"https:\/\/bozon2x.be\/blog\/wp-json\/wp\/v2\/comments?post=1548"}],"version-history":[{"count":5,"href":"https:\/\/bozon2x.be\/blog\/wp-json\/wp\/v2\/posts\/1548\/revisions"}],"predecessor-version":[{"id":1562,"href":"https:\/\/bozon2x.be\/blog\/wp-json\/wp\/v2\/posts\/1548\/revisions\/1562"}],"wp:featuredmedia":[{"embeddable":true,"href":"https:\/\/bozon2x.be\/blog\/wp-json\/wp\/v2\/media\/1556"}],"wp:attachment":[{"href":"https:\/\/bozon2x.be\/blog\/wp-json\/wp\/v2\/media?parent=1548"}],"wp:term":[{"taxonomy":"category","embeddable":true,"href":"https:\/\/bozon2x.be\/blog\/wp-json\/wp\/v2\/categories?post=1548"},{"taxonomy":"post_tag","embeddable":true,"href":"https:\/\/bozon2x.be\/blog\/wp-json\/wp\/v2\/tags?post=1548"}],"curies":[{"name":"wp","href":"https:\/\/api.w.org\/{rel}","templated":true}]}}