{"id":1442,"date":"2023-09-19T17:27:50","date_gmt":"2023-09-19T15:27:50","guid":{"rendered":"http:\/\/bozon2x.be\/blog\/?p=1442"},"modified":"2023-09-19T18:19:38","modified_gmt":"2023-09-19T16:19:38","slug":"rencontre-avec-rachel-adalbald","status":"publish","type":"post","link":"https:\/\/bozon2x.be\/blog\/rencontre-avec-rachel-adalbald\/","title":{"rendered":"Rencontre avec Rachel Adalbald"},"content":{"rendered":"\n<figure class=\"wp-block-embed is-type-video is-provider-youtube wp-block-embed-youtube wp-embed-aspect-16-9 wp-has-aspect-ratio\"><div class=\"wp-block-embed__wrapper\">\n<span class=\"embed-youtube\" style=\"text-align:center; display: block;\"><iframe loading=\"lazy\" class=\"youtube-player\" width=\"800\" height=\"450\" src=\"https:\/\/www.youtube.com\/embed\/sl6fNlbmzd8?version=3&#038;rel=1&#038;showsearch=0&#038;showinfo=1&#038;iv_load_policy=1&#038;fs=1&#038;hl=fr-FR&#038;autohide=2&#038;wmode=transparent\" allowfullscreen=\"true\" style=\"border:0;\" sandbox=\"allow-scripts allow-same-origin allow-popups allow-presentation allow-popups-to-escape-sandbox\"><\/iframe><\/span>\n<\/div><\/figure>\n\n\n<p>Capitule, mirage !\u00a0<i>nous plonge dans le monde parall\u00e8le des r\u00e9seaux, tweets, blogs, cha\u00eenes et autres \u00ab dramas\u00a0\u00bb, o\u00f9 tous les points de vue se chevauchent et entrent en crise. Capitule, mirage ! raconte, de l\u2019int\u00e9rieur, \u00e0 travers une multitude de voix, les exaltations, espoirs et d\u00e9sarrois d\u2019une g\u00e9n\u00e9ration hyper-connect\u00e9e.<\/i><br \/><i>Rencontre avec une jeune\u00a0autrice audacieuse pour la parution de son premier roman le <strong>17\u00a0octobre<\/strong> 2023.\u00a0<\/i><\/p>\n<h2><b>Le d\u00e9sir d\u2019\u00e9crire\u00a0<\/b><b>comme un d\u00e9clic ?<\/b><b><span class=\"Apple-converted-space\">\u00a0<\/span><\/b><\/h2>\n<p><b>Rachel Adalbald :<\/b> Je crois que l\u2019envie d\u2019\u00e9crire vient d\u2019abord de cette sensation que le monde, avec tous ses \u00e9v\u00e9nements, ses flux, ses multiplicit\u00e9s de rapports, m\u2019\u00e9chappe\u00a0; ce qui est tr\u00e8s beau et tr\u00e8s d\u00e9stabilisant \u00e0 la fois. J\u2019ai toujours eu beaucoup de mal \u00e0 me situer dans ce grand bazar, alors l\u2019\u00e9criture est une mani\u00e8re de me tenir un peu droite dans le monde, de tenir t\u00eate, aussi. Dans <i>Mille plateaux<\/i>, Deleuze et Guattari \u00e9crivent\u00a0: \u00ab\u00a0\u00catre en plein dans la foule, et en m\u00eame temps compl\u00e8tement en dehors, tr\u00e8s loin\u00a0\u00bb \u2014 voil\u00e0, \u00e9crire, pour moi, c\u2019est cette mani\u00e8re de jouer avec les distances, d\u2019\u00eatre compl\u00e8tement impliqu\u00e9e et compl\u00e8tement \u00e0 c\u00f4t\u00e9. \u00c7a, c\u2019est pour la partie existentielle de la r\u00e9ponse. Quant \u00e0 la partie pratique, il y a eu, de fa\u00e7on tr\u00e8s banale, la d\u00e9flagration de la po\u00e9sie de Rimbaud quand j\u2019avais 17 ans. En le lisant, j\u2019avais l\u2019impression qu\u2019il me disait\u00a0: \u00ab\u00a0Tu peux tout renverser.\u00a0\u00bb, et puis quelques ann\u00e9es plus tard, la grande plong\u00e9e dans les romans de C\u00e9line qui m\u2019a flanqu\u00e9 une magistrale le\u00e7on de rythme. Il faut que \u00e7a palpite. Je n\u2019ai plus jamais \u00e9crit pareil apr\u00e8s \u00e7a.<span class=\"Apple-converted-space\">\u00a0<\/span><\/p>\n<h2><b>Ton roman allie une grande ma\u00eetrise de la langue et une structure polyphonique pouss\u00e9e \u00e0 l\u2019extr\u00eame. Est-ce cette aisance qui te pousse \u00e0 explorer ce type de narration atypique ?<\/b><\/h2>\n<p><b>R.A. :<\/b> J\u2019ai longtemps eu une position tr\u00e8s \u00e9trange par rapport \u00e0 la narration en litt\u00e9rature. Probablement, en partie, parce que j\u2019ai \u00e9t\u00e9 tr\u00e8s marqu\u00e9e et tr\u00e8s touch\u00e9e par des auteurs et des autrices qui m\u2019ont terrass\u00e9 par leur style. Disons qu\u2019aujourd\u2019hui, je suis toujours convaincue de la primaut\u00e9 du travail du style en litt\u00e9rature, mais que j\u2019ai un rapport beaucoup plus nuanc\u00e9 au texte narratif. En fait, la narration me paraissait \u00eatre un carcan terrible, avec une s\u00e9rie d\u2019\u00e9tapes obligatoires \u00e0 suivre (un d\u00e9roul\u00e9 chronologique, des p\u00e9rip\u00e9ties, une fa\u00e7on de pr\u00e9senter des personnages, et le tout tr\u00e8s limpide), et \u00e7a ne m\u2019int\u00e9ressait pas du tout de me plier \u00e0 ce genre de r\u00e8gles pour \u00e9crire. D\u2019autant plus qu\u2019en tant que lectrice, lire des textes respectant scrupuleusement un cahier des charges, sous pr\u00e9texte que \u00ab\u00a0c\u2019est comme cela que l\u2019on doit faire si on veut \u00e9crire une histoire\u00a0\u00bb, m\u2019ennuie. Ce qui m\u2019a profond\u00e9ment fait changer d\u2019avis, c\u2019est lorsque j\u2019ai repris tr\u00e8s avidement la lecture de mangas et le visionnage d\u2019animes. Je me suis aper\u00e7ue qu\u2019on me racontait des histoires et que \u00e7a me passionnait, j\u2019\u00e9tais \u00e0 fond. Ce qui m\u2019int\u00e9resse, c\u2019est la mani\u00e8re avec laquelle certains mangas ou animes (je pense \u00e0 des mangas comme <i>L\u2019attaque des titans<\/i> ou <i>L\u2019\u00e8re des cristaux<\/i>, et \u00e0 des animes comme <i>Neon Genesis Evangelion<\/i> ou <i>Boogiepop Phantom<\/i>) vont venir fissurer les lignes<span class=\"Apple-converted-space\">\u00a0 <\/span>narratives sagement mises en place en travaillant en profondeur plusieurs types de rapports\u00a0: le rapport des personnages entre eux, le rapport des personnages avec leur environnement et le rapport des personnages \u00e0 eux-m\u00eames. La question est comment faire des trous, comment faire fuir ce qu\u2019on nous a appris \u00e0 consid\u00e9rer comme un d\u00e9veloppement narratif \u00ab\u00a0normal\u00a0\u00bb. Et puis, il y a eu la lecture de deux romans merveilleux que sont <i>Blanche ou l\u2019oubli<\/i> d\u2019Aragon et <i>Un bref instant de splendeur<\/i> d\u2019Ocean Vuong, qui, chacun \u00e0 leur mani\u00e8re, disloquent la continuit\u00e9 classique de la narration, d\u00e9samorcent le d\u00e9roul\u00e9 chronologique \u2014 \u00e7a ne cesse de bifurquer, de se retourner, de sortir et de revenir. C\u2019est fabuleux. A partir de l\u00e0, j\u2019ai regard\u00e9 la narration bien en face et je me suis dit\u00a0: allons-y\u00a0!<\/p>\n<p>Plus j\u2019\u00e9cris, et plus je m\u2019aper\u00e7ois qu\u2019on ne doit rien du tout, que l\u2019on peut jouer avec toutes les normes, qu\u2019aucune m\u00e9thode n\u2019est bonne \u00e0 suivre, si ce n\u2019est celle que l\u2019on \u00e9labore pour soi-m\u00eame. Donc, cette longue litanie pour dire qu\u2019\u00e0 partir du moment o\u00f9 j\u2019ai compris que je n\u2019\u00e9tais pas oblig\u00e9e de d\u00e9crire mes personnages, que je pouvais leur donner des noms absurdes, que je pouvais m\u2019octroyer le droit de torpiller la continuit\u00e9 narrative, que je pouvais d\u00e9sarticuler les voix jusqu\u2019au point o\u00f9 on ne sait plus qui parle, alors j\u2019ai commenc\u00e9 \u00e0 m\u2019amuser. <span class=\"Apple-converted-space\">\u00a0<\/span><\/p>\n<h2><b>La po\u00e9sie semble omnipr\u00e9sente et comme en filigrane sous ta prose, je me trompe ?<\/b><\/h2>\n<p><b>R.A. : <\/b>Oui, la po\u00e9sie a \u00e9t\u00e9 une vaste terre de travail ces derni\u00e8res ann\u00e9es. C\u2019\u00e9tait le genre dans lequel, jusqu\u2019\u00e0 pr\u00e9sent, je me sentais la plus libre, justement parce qu\u2019il n\u2019y avait aucune exigence de narration, et qu\u2019il est globalement admis qu\u2019en po\u00e9sie, on peut jouer avec la forme. <i>Capitule, Mirage !<\/i> se voulait donc aussi une rupture avec une \u00e9criture po\u00e9tique dans laquelle j\u2019avais la sensation de finir par tourner en rond. Ma prose est fatalement issue de ces multiples exp\u00e9rimentations po\u00e9tiques ; d\u2019ailleurs, sans forc\u00e9ment le vouloir, il y a des moments dans <i>Capitule, Mirage !<\/i> o\u00f9 je reviens \u00e0 des passages de po\u00e9sie plus \u00ab\u00a0pure\u00a0\u00bb.<\/p>\n<h2><b>Dans ta note d\u2019intention, tu \u00e9voques une sorte de mystique qui, selon toi, traverserait le web et les r\u00e9seaux\u2026 Qu\u2019entends-tu exactement par l\u00e0 ? <\/b><\/h2>\n<p><b>R.A. : <\/b>Le web et les r\u00e9seaux sont des canaux faramineux de diffusion d\u2019une grande multiplicit\u00e9 de discours. On entend parfois que notre \u00e9poque est extr\u00eamement rationnelle, que c\u2019est une \u00e9poque de raison, de calcul, de science. Ce qui me fascine, c\u2019est qu\u2019on fait surtout face \u00e0 une profusion de discours, lesquels tant\u00f4t entrent en contradiction, tant\u00f4t se compl\u00e8tent, tant\u00f4t convergent, et tous \u2013 qu\u2019ils soient scientifiques, historiques, litt\u00e9raires, \u00e9conomiques, religieux, etc. \u2013 \u00e9laborent des fictions qui sont autant de fa\u00e7ons d\u2019appr\u00e9hender le monde dans lequel nous baignons. J\u2019ai l\u2019impression qu\u2019il y a tout un champ de ces pratiques discursives qui \u00e9tablit un rapport tout \u00e0 fait mystique au r\u00e9el. Par exemple, les discours sur les bienfaits d\u2019\u00eatre \u00ab\u00a0healthy\u00a0\u00bb, ou sur les b\u00e9n\u00e9fices de faire de la musculation, ou sur le fait de devoir s\u2019accomplir dans son travail. \u00c7a instaure un rapport assez particulier \u00e0 la r\u00e9alit\u00e9, pris dans l\u2019\u00e9treinte d\u2019un \u00e9lan \u00ab\u00a0d\u2019am\u00e9lioration\u00a0\u00bb constante de soi-m\u00eame. Nous ne sommes<span class=\"Apple-converted-space\">\u00a0 <\/span>jamais \u00ab\u00a0assez\u00a0\u00bb, il faut se produire \u00ab\u00a0mieux\u00a0\u00bb. Cons\u00e9quemment, pour atteindre la \u00ab\u00a0meilleure version de soi\u00a0\u00bb, il faudrait faire ci ou \u00e7a. C\u2019est \u00e0 la fois tr\u00e8s prosa\u00efque, tr\u00e8s cod\u00e9, et d\u2019un autre c\u00f4t\u00e9, je ne peux pas m\u2019emp\u00eacher de penser que cela tient aussi \u00e0 une croyance en quelque chose au-dessus de nous, une sorte de transcendance, et cette transcendance, on ne l\u2019atteindra qu\u2019en travaillant, en se musclant et en calculant les calories qu\u2019on ing\u00e8re. Attention, je ne suis pas en train de dire que c\u2019est idiot, en revanche, je trouve que ce sont des fa\u00e7ons d\u2019appr\u00e9hender le r\u00e9el qui sont beaucoup plus spirituelles qu\u2019on ne le pr\u00e9sume. Je ne suis pas non plus en train de dire que tous les discours se valent, qu\u2019ils offrent tous un m\u00eame degr\u00e9 de pertinence, mais je crois qu\u2019il faut rester attentif \u00e0 ce qui se fomente.<span class=\"Apple-converted-space\">\u00a0<\/span><\/p>\n<h2><b>Dans un monde noy\u00e9 sous un Niagara de paroles, de blablas et d\u2019injonctions en tous genres, la n\u00e9cessit\u00e9 de \u00ab trouver une langue \u00bb ne se fait-elle pas plus pressante et plus imp\u00e9rieuse que jamais ? <\/b><\/h2>\n<p><b>R.A. : <\/b>Bien s\u00fbr\u00a0! Et je dirais m\u00eame plut\u00f4t que \u00ab\u00a0trouver une langue\u00a0\u00bb, \u00ab\u00a0chercher une langue\u00a0\u00bb, toujours et encore, avec la joie et l\u2019angoisse qui font sauter le c\u0153ur et la t\u00eate, avec les deux mains brandies en l\u2019air et le feu du dragon dans la voix. D\u2019autant plus dans une p\u00e9riode o\u00f9 tout un champ du paysage \u00e9ditorial produit une litt\u00e9rature tr\u00e8s standardis\u00e9e, o\u00f9 on assiste \u00e0 des r\u00e9cup\u00e9rations inqui\u00e9tantes de certains \u00e9l\u00e9ments de langage, o\u00f9 on mart\u00e8le beaucoup, on cors\u00e8te, on \u00e9touffe. Contre \u00e7a, s\u2019efforcer de tendre les cornes, d\u2019exp\u00e9rimenter \u00e0 tous les endroits et de ne pas l\u00e2cher prise.<span class=\"Apple-converted-space\">\u00a0<\/span><\/p>\n<h2><b>D\u2019autres projets litt\u00e9raires<span class=\"Apple-converted-space\">\u00a0 <\/span>en cours ?<span class=\"Apple-converted-space\">\u00a0<\/span><\/b><\/h2>\n<p><b>R.A. : <\/b>Tout est encore assez flou, mais j\u2019ai plusieurs id\u00e9es qui me trottent dans la t\u00eate. J\u2019aimerais bien r\u00e9ussir \u00e0 concr\u00e9tiser l\u2019envie (de longue date) de foutre un peu de mon bordel du c\u00f4t\u00e9 du genre th\u00e9\u00e2tral ; en parall\u00e8le, j\u2019ai la question du rapport \u00e0 l\u2019image qui me travaille pas mal en ce moment, et puis m\u2019interroge aussi le rapport \u00e0 l\u2019enfance, et puis j\u2019ai un regain d\u2019int\u00e9r\u00eat soudain pour les Super Sentai. Ce sont des choses qui, pour l\u2019heure, sont tr\u00e8s disparates, tr\u00e8s \u00e9clat\u00e9es, j\u2019ignore encore ce que je vais faire de tout \u00e7a, ce dont je suis s\u00fbre, en revanche, c\u2019est que je n\u2019ai pas fini de me laisser surprendre.<span class=\"Apple-converted-space\">\u00a0<\/span><\/p>\n<p>\u00a0<\/p>\n<hr size=\"0.5px\" \/>\n<p><b><a href=\"http:\/\/bozon2x.be\"><img data-recalc-dims=\"1\" loading=\"lazy\" decoding=\"async\" data-attachment-id=\"1419\" data-permalink=\"https:\/\/bozon2x.be\/blog\/couv-capitule-mirage\/\" data-orig-file=\"https:\/\/i0.wp.com\/bozon2x.be\/blog\/wp-content\/uploads\/2023\/09\/Couv-Capitule-mirage.jpg?fit=1054%2C1430&amp;ssl=1\" data-orig-size=\"1054,1430\" data-comments-opened=\"1\" data-image-meta=\"{&quot;aperture&quot;:&quot;0&quot;,&quot;credit&quot;:&quot;&quot;,&quot;camera&quot;:&quot;&quot;,&quot;caption&quot;:&quot;&quot;,&quot;created_timestamp&quot;:&quot;0&quot;,&quot;copyright&quot;:&quot;&quot;,&quot;focal_length&quot;:&quot;0&quot;,&quot;iso&quot;:&quot;0&quot;,&quot;shutter_speed&quot;:&quot;0&quot;,&quot;title&quot;:&quot;&quot;,&quot;orientation&quot;:&quot;1&quot;}\" data-image-title=\"Couv-Capitule-mirage\" data-image-description=\"\" data-image-caption=\"\" data-large-file=\"https:\/\/i0.wp.com\/bozon2x.be\/blog\/wp-content\/uploads\/2023\/09\/Couv-Capitule-mirage.jpg?fit=755%2C1024&amp;ssl=1\" class=\"alignleft wp-image-1419 size-medium\" src=\"https:\/\/i0.wp.com\/bozon2x.be\/blog\/wp-content\/uploads\/2023\/09\/Couv-Capitule-mirage.jpg?resize=221%2C300&#038;ssl=1\" alt=\"\" width=\"221\" height=\"300\" srcset=\"https:\/\/i0.wp.com\/bozon2x.be\/blog\/wp-content\/uploads\/2023\/09\/Couv-Capitule-mirage.jpg?resize=221%2C300&amp;ssl=1 221w, https:\/\/i0.wp.com\/bozon2x.be\/blog\/wp-content\/uploads\/2023\/09\/Couv-Capitule-mirage.jpg?resize=755%2C1024&amp;ssl=1 755w, https:\/\/i0.wp.com\/bozon2x.be\/blog\/wp-content\/uploads\/2023\/09\/Couv-Capitule-mirage.jpg?resize=768%2C1042&amp;ssl=1 768w, https:\/\/i0.wp.com\/bozon2x.be\/blog\/wp-content\/uploads\/2023\/09\/Couv-Capitule-mirage.jpg?resize=560%2C760&amp;ssl=1 560w, https:\/\/i0.wp.com\/bozon2x.be\/blog\/wp-content\/uploads\/2023\/09\/Couv-Capitule-mirage.jpg?resize=260%2C353&amp;ssl=1 260w, https:\/\/i0.wp.com\/bozon2x.be\/blog\/wp-content\/uploads\/2023\/09\/Couv-Capitule-mirage.jpg?resize=160%2C217&amp;ssl=1 160w, https:\/\/i0.wp.com\/bozon2x.be\/blog\/wp-content\/uploads\/2023\/09\/Couv-Capitule-mirage.jpg?w=1054&amp;ssl=1 1054w\" sizes=\"auto, (max-width: 221px) 100vw, 221px\" \/><\/a>Capitule, mirage !<br \/><\/b>Rachel Adalbald<br \/>169 pages<br \/>Format : 14 x 19 cm<br \/>ISBN : 978-2-931067-17-8<br \/>21 euros<br \/>\u00c0 para\u00eetre le 17\/10\/2023<\/p>","protected":false},"excerpt":{"rendered":"<p>Capitule, mirage !\u00a0nous plonge dans le monde parall\u00e8le des r\u00e9seaux, tweets, blogs, cha\u00eenes et autres \u00ab dramas\u00a0\u00bb, o\u00f9 tous les<\/p>\n","protected":false},"author":10,"featured_media":1419,"comment_status":"open","ping_status":"open","sticky":false,"template":"","format":"standard","meta":{"colormag_page_container_layout":"default_layout","colormag_page_sidebar_layout":"default_layout","_jetpack_newsletter_access":"","_jetpack_dont_email_post_to_subs":false,"_jetpack_newsletter_tier_id":0,"_jetpack_memberships_contains_paywalled_content":false,"_jetpack_memberships_contains_paid_content":false,"footnotes":""},"categories":[15,1],"tags":[424,257,76,92,421,423,73,427,422,425],"class_list":["post-1442","post","type-post","status-publish","format-standard","has-post-thumbnail","hentry","category-prochainement","category-non-classe","tag-dystopie","tag-imaginaire","tag-litterature","tag-poesie","tag-poete","tag-pouvoir","tag-roman","tag-romanesque","tag-technologie","tag-web"],"yoast_head":"<!-- This site is optimized with the Yoast SEO plugin v28.3 - https:\/\/yoast.com\/product\/yoast-seo-wordpress\/ -->\n<title>Rencontre avec Rachel Adalbald<\/title>\n<meta name=\"description\" content=\"https:\/\/youtu.be\/sl6fNlbmzd8 Capitule, mirage !\u00a0nous plonge dans le monde parall\u00e8le des r\u00e9seaux, tweets, blogs, cha\u00eenes et autres \u00ab dramas\u00a0\u00bb, o\u00f9 tous les\" \/>\n<meta name=\"robots\" content=\"index, follow, max-snippet:-1, max-image-preview:large, max-video-preview:-1\" \/>\n<link rel=\"canonical\" href=\"https:\/\/bozon2x.be\/blog\/rencontre-avec-rachel-adalbald\/\" \/>\n<meta property=\"og:locale\" content=\"fr_FR\" \/>\n<meta property=\"og:type\" content=\"article\" \/>\n<meta property=\"og:title\" content=\"Rencontre avec Rachel Adalbald\" \/>\n<meta property=\"og:description\" content=\"https:\/\/youtu.be\/sl6fNlbmzd8 Capitule, mirage !\u00a0nous plonge dans le monde parall\u00e8le des r\u00e9seaux, tweets, blogs, cha\u00eenes et autres \u00ab dramas\u00a0\u00bb, o\u00f9 tous les\" \/>\n<meta property=\"og:url\" content=\"https:\/\/bozon2x.be\/blog\/rencontre-avec-rachel-adalbald\/\" \/>\n<meta property=\"og:site_name\" content=\"BOZON2X EDITIONS\" \/>\n<meta property=\"article:publisher\" content=\"https:\/\/www.facebook.com\/pages\/Bozon2x-%c3%a9ditions\/1507815722823608?ref=hl\" \/>\n<meta property=\"article:published_time\" content=\"2023-09-19T15:27:50+00:00\" \/>\n<meta property=\"article:modified_time\" content=\"2023-09-19T16:19:38+00:00\" \/>\n<meta property=\"og:image\" content=\"https:\/\/i0.wp.com\/bozon2x.be\/blog\/wp-content\/uploads\/2023\/09\/Couv-Capitule-mirage.jpg?fit=1054%2C1430&ssl=1\" \/>\n\t<meta property=\"og:image:width\" content=\"1054\" \/>\n\t<meta property=\"og:image:height\" content=\"1430\" \/>\n\t<meta property=\"og:image:type\" content=\"image\/jpeg\" \/>\n<meta name=\"author\" content=\"bozon2x\" \/>\n<meta name=\"twitter:card\" content=\"summary_large_image\" \/>\n<meta name=\"twitter:creator\" content=\"@Bozon2xBozon\" \/>\n<meta name=\"twitter:site\" content=\"@Bozon2xBozon\" \/>\n<meta name=\"twitter:label1\" content=\"\u00c9crit par\" \/>\n\t<meta name=\"twitter:data1\" content=\"bozon2x\" \/>\n\t<meta name=\"twitter:label2\" content=\"Dur\u00e9e de lecture estim\u00e9e\" \/>\n\t<meta name=\"twitter:data2\" content=\"8 minutes\" \/>\n<script type=\"application\/ld+json\" class=\"yoast-schema-graph\">{\"@context\":\"https:\\\/\\\/schema.org\",\"@graph\":[{\"@type\":\"Article\",\"@id\":\"https:\\\/\\\/bozon2x.be\\\/blog\\\/rencontre-avec-rachel-adalbald\\\/#article\",\"isPartOf\":{\"@id\":\"https:\\\/\\\/bozon2x.be\\\/blog\\\/rencontre-avec-rachel-adalbald\\\/\"},\"author\":{\"name\":\"bozon2x\",\"@id\":\"https:\\\/\\\/bozon2x.be\\\/blog\\\/#\\\/schema\\\/person\\\/937ea07f4a370fb912f3dd9708abf5c4\"},\"headline\":\"Rencontre avec Rachel Adalbald\",\"datePublished\":\"2023-09-19T15:27:50+00:00\",\"dateModified\":\"2023-09-19T16:19:38+00:00\",\"mainEntityOfPage\":{\"@id\":\"https:\\\/\\\/bozon2x.be\\\/blog\\\/rencontre-avec-rachel-adalbald\\\/\"},\"wordCount\":1690,\"commentCount\":2,\"image\":{\"@id\":\"https:\\\/\\\/bozon2x.be\\\/blog\\\/rencontre-avec-rachel-adalbald\\\/#primaryimage\"},\"thumbnailUrl\":\"https:\\\/\\\/i0.wp.com\\\/bozon2x.be\\\/blog\\\/wp-content\\\/uploads\\\/2023\\\/09\\\/Couv-Capitule-mirage.jpg?fit=1054%2C1430&ssl=1\",\"keywords\":[\"dystopie\",\"imaginaire\",\"litt\u00e9rature\",\"po\u00e9sie\",\"po\u00e8te\",\"pouvoir\",\"roman\",\"romanesque\",\"technologie\",\"web\"],\"articleSection\":[\"A para\u00eetre\"],\"inLanguage\":\"fr-FR\",\"potentialAction\":[{\"@type\":\"CommentAction\",\"name\":\"Comment\",\"target\":[\"https:\\\/\\\/bozon2x.be\\\/blog\\\/rencontre-avec-rachel-adalbald\\\/#respond\"]}]},{\"@type\":\"WebPage\",\"@id\":\"https:\\\/\\\/bozon2x.be\\\/blog\\\/rencontre-avec-rachel-adalbald\\\/\",\"url\":\"https:\\\/\\\/bozon2x.be\\\/blog\\\/rencontre-avec-rachel-adalbald\\\/\",\"name\":\"Rencontre avec Rachel Adalbald\",\"isPartOf\":{\"@id\":\"https:\\\/\\\/bozon2x.be\\\/blog\\\/#website\"},\"primaryImageOfPage\":{\"@id\":\"https:\\\/\\\/bozon2x.be\\\/blog\\\/rencontre-avec-rachel-adalbald\\\/#primaryimage\"},\"image\":{\"@id\":\"https:\\\/\\\/bozon2x.be\\\/blog\\\/rencontre-avec-rachel-adalbald\\\/#primaryimage\"},\"thumbnailUrl\":\"https:\\\/\\\/i0.wp.com\\\/bozon2x.be\\\/blog\\\/wp-content\\\/uploads\\\/2023\\\/09\\\/Couv-Capitule-mirage.jpg?fit=1054%2C1430&ssl=1\",\"datePublished\":\"2023-09-19T15:27:50+00:00\",\"dateModified\":\"2023-09-19T16:19:38+00:00\",\"author\":{\"@id\":\"https:\\\/\\\/bozon2x.be\\\/blog\\\/#\\\/schema\\\/person\\\/937ea07f4a370fb912f3dd9708abf5c4\"},\"description\":\"https:\\\/\\\/youtu.be\\\/sl6fNlbmzd8 Capitule, mirage !\u00a0nous plonge dans le monde parall\u00e8le des r\u00e9seaux, tweets, blogs, cha\u00eenes et autres \u00ab dramas\u00a0\u00bb, o\u00f9 tous les\",\"breadcrumb\":{\"@id\":\"https:\\\/\\\/bozon2x.be\\\/blog\\\/rencontre-avec-rachel-adalbald\\\/#breadcrumb\"},\"inLanguage\":\"fr-FR\",\"potentialAction\":[{\"@type\":\"ReadAction\",\"target\":[\"https:\\\/\\\/bozon2x.be\\\/blog\\\/rencontre-avec-rachel-adalbald\\\/\"]}]},{\"@type\":\"ImageObject\",\"inLanguage\":\"fr-FR\",\"@id\":\"https:\\\/\\\/bozon2x.be\\\/blog\\\/rencontre-avec-rachel-adalbald\\\/#primaryimage\",\"url\":\"https:\\\/\\\/i0.wp.com\\\/bozon2x.be\\\/blog\\\/wp-content\\\/uploads\\\/2023\\\/09\\\/Couv-Capitule-mirage.jpg?fit=1054%2C1430&ssl=1\",\"contentUrl\":\"https:\\\/\\\/i0.wp.com\\\/bozon2x.be\\\/blog\\\/wp-content\\\/uploads\\\/2023\\\/09\\\/Couv-Capitule-mirage.jpg?fit=1054%2C1430&ssl=1\",\"width\":1054,\"height\":1430},{\"@type\":\"BreadcrumbList\",\"@id\":\"https:\\\/\\\/bozon2x.be\\\/blog\\\/rencontre-avec-rachel-adalbald\\\/#breadcrumb\",\"itemListElement\":[{\"@type\":\"ListItem\",\"position\":1,\"name\":\"Accueil\",\"item\":\"https:\\\/\\\/bozon2x.be\\\/blog\\\/\"},{\"@type\":\"ListItem\",\"position\":2,\"name\":\"Rencontre avec Rachel Adalbald\"}]},{\"@type\":\"WebSite\",\"@id\":\"https:\\\/\\\/bozon2x.be\\\/blog\\\/#website\",\"url\":\"https:\\\/\\\/bozon2x.be\\\/blog\\\/\",\"name\":\"BOZON2X EDITIONS\",\"description\":\"Acc\u00e9l\u00e9rateur de particules neuronales\",\"potentialAction\":[{\"@type\":\"SearchAction\",\"target\":{\"@type\":\"EntryPoint\",\"urlTemplate\":\"https:\\\/\\\/bozon2x.be\\\/blog\\\/?s={search_term_string}\"},\"query-input\":{\"@type\":\"PropertyValueSpecification\",\"valueRequired\":true,\"valueName\":\"search_term_string\"}}],\"inLanguage\":\"fr-FR\"},{\"@type\":\"Person\",\"@id\":\"https:\\\/\\\/bozon2x.be\\\/blog\\\/#\\\/schema\\\/person\\\/937ea07f4a370fb912f3dd9708abf5c4\",\"name\":\"bozon2x\",\"image\":{\"@type\":\"ImageObject\",\"inLanguage\":\"fr-FR\",\"@id\":\"https:\\\/\\\/secure.gravatar.com\\\/avatar\\\/25b9f28a156409b45d9e99ba8677e78ede647c79e1e60454a88eab3034035ebc?s=96&d=mm&r=g\",\"url\":\"https:\\\/\\\/secure.gravatar.com\\\/avatar\\\/25b9f28a156409b45d9e99ba8677e78ede647c79e1e60454a88eab3034035ebc?s=96&d=mm&r=g\",\"contentUrl\":\"https:\\\/\\\/secure.gravatar.com\\\/avatar\\\/25b9f28a156409b45d9e99ba8677e78ede647c79e1e60454a88eab3034035ebc?s=96&d=mm&r=g\",\"caption\":\"bozon2x\"},\"url\":\"https:\\\/\\\/bozon2x.be\\\/blog\\\/author\\\/bozon2x\\\/\"}]}<\/script>\n<!-- \/ Yoast SEO plugin. -->","yoast_head_json":{"title":"Rencontre avec Rachel Adalbald","description":"https:\/\/youtu.be\/sl6fNlbmzd8 Capitule, mirage !\u00a0nous plonge dans le monde parall\u00e8le des r\u00e9seaux, tweets, blogs, cha\u00eenes et autres \u00ab dramas\u00a0\u00bb, o\u00f9 tous les","robots":{"index":"index","follow":"follow","max-snippet":"max-snippet:-1","max-image-preview":"max-image-preview:large","max-video-preview":"max-video-preview:-1"},"canonical":"https:\/\/bozon2x.be\/blog\/rencontre-avec-rachel-adalbald\/","og_locale":"fr_FR","og_type":"article","og_title":"Rencontre avec Rachel Adalbald","og_description":"https:\/\/youtu.be\/sl6fNlbmzd8 Capitule, mirage !\u00a0nous plonge dans le monde parall\u00e8le des r\u00e9seaux, tweets, blogs, cha\u00eenes et autres \u00ab dramas\u00a0\u00bb, o\u00f9 tous les","og_url":"https:\/\/bozon2x.be\/blog\/rencontre-avec-rachel-adalbald\/","og_site_name":"BOZON2X EDITIONS","article_publisher":"https:\/\/www.facebook.com\/pages\/Bozon2x-%c3%a9ditions\/1507815722823608?ref=hl","article_published_time":"2023-09-19T15:27:50+00:00","article_modified_time":"2023-09-19T16:19:38+00:00","og_image":[{"width":1054,"height":1430,"url":"https:\/\/i0.wp.com\/bozon2x.be\/blog\/wp-content\/uploads\/2023\/09\/Couv-Capitule-mirage.jpg?fit=1054%2C1430&ssl=1","type":"image\/jpeg"}],"author":"bozon2x","twitter_card":"summary_large_image","twitter_creator":"@Bozon2xBozon","twitter_site":"@Bozon2xBozon","twitter_misc":{"\u00c9crit par":"bozon2x","Dur\u00e9e de lecture estim\u00e9e":"8 minutes"},"schema":{"@context":"https:\/\/schema.org","@graph":[{"@type":"Article","@id":"https:\/\/bozon2x.be\/blog\/rencontre-avec-rachel-adalbald\/#article","isPartOf":{"@id":"https:\/\/bozon2x.be\/blog\/rencontre-avec-rachel-adalbald\/"},"author":{"name":"bozon2x","@id":"https:\/\/bozon2x.be\/blog\/#\/schema\/person\/937ea07f4a370fb912f3dd9708abf5c4"},"headline":"Rencontre avec Rachel Adalbald","datePublished":"2023-09-19T15:27:50+00:00","dateModified":"2023-09-19T16:19:38+00:00","mainEntityOfPage":{"@id":"https:\/\/bozon2x.be\/blog\/rencontre-avec-rachel-adalbald\/"},"wordCount":1690,"commentCount":2,"image":{"@id":"https:\/\/bozon2x.be\/blog\/rencontre-avec-rachel-adalbald\/#primaryimage"},"thumbnailUrl":"https:\/\/i0.wp.com\/bozon2x.be\/blog\/wp-content\/uploads\/2023\/09\/Couv-Capitule-mirage.jpg?fit=1054%2C1430&ssl=1","keywords":["dystopie","imaginaire","litt\u00e9rature","po\u00e9sie","po\u00e8te","pouvoir","roman","romanesque","technologie","web"],"articleSection":["A para\u00eetre"],"inLanguage":"fr-FR","potentialAction":[{"@type":"CommentAction","name":"Comment","target":["https:\/\/bozon2x.be\/blog\/rencontre-avec-rachel-adalbald\/#respond"]}]},{"@type":"WebPage","@id":"https:\/\/bozon2x.be\/blog\/rencontre-avec-rachel-adalbald\/","url":"https:\/\/bozon2x.be\/blog\/rencontre-avec-rachel-adalbald\/","name":"Rencontre avec Rachel Adalbald","isPartOf":{"@id":"https:\/\/bozon2x.be\/blog\/#website"},"primaryImageOfPage":{"@id":"https:\/\/bozon2x.be\/blog\/rencontre-avec-rachel-adalbald\/#primaryimage"},"image":{"@id":"https:\/\/bozon2x.be\/blog\/rencontre-avec-rachel-adalbald\/#primaryimage"},"thumbnailUrl":"https:\/\/i0.wp.com\/bozon2x.be\/blog\/wp-content\/uploads\/2023\/09\/Couv-Capitule-mirage.jpg?fit=1054%2C1430&ssl=1","datePublished":"2023-09-19T15:27:50+00:00","dateModified":"2023-09-19T16:19:38+00:00","author":{"@id":"https:\/\/bozon2x.be\/blog\/#\/schema\/person\/937ea07f4a370fb912f3dd9708abf5c4"},"description":"https:\/\/youtu.be\/sl6fNlbmzd8 Capitule, mirage !\u00a0nous plonge dans le monde parall\u00e8le des r\u00e9seaux, tweets, blogs, cha\u00eenes et autres \u00ab dramas\u00a0\u00bb, o\u00f9 tous les","breadcrumb":{"@id":"https:\/\/bozon2x.be\/blog\/rencontre-avec-rachel-adalbald\/#breadcrumb"},"inLanguage":"fr-FR","potentialAction":[{"@type":"ReadAction","target":["https:\/\/bozon2x.be\/blog\/rencontre-avec-rachel-adalbald\/"]}]},{"@type":"ImageObject","inLanguage":"fr-FR","@id":"https:\/\/bozon2x.be\/blog\/rencontre-avec-rachel-adalbald\/#primaryimage","url":"https:\/\/i0.wp.com\/bozon2x.be\/blog\/wp-content\/uploads\/2023\/09\/Couv-Capitule-mirage.jpg?fit=1054%2C1430&ssl=1","contentUrl":"https:\/\/i0.wp.com\/bozon2x.be\/blog\/wp-content\/uploads\/2023\/09\/Couv-Capitule-mirage.jpg?fit=1054%2C1430&ssl=1","width":1054,"height":1430},{"@type":"BreadcrumbList","@id":"https:\/\/bozon2x.be\/blog\/rencontre-avec-rachel-adalbald\/#breadcrumb","itemListElement":[{"@type":"ListItem","position":1,"name":"Accueil","item":"https:\/\/bozon2x.be\/blog\/"},{"@type":"ListItem","position":2,"name":"Rencontre avec Rachel Adalbald"}]},{"@type":"WebSite","@id":"https:\/\/bozon2x.be\/blog\/#website","url":"https:\/\/bozon2x.be\/blog\/","name":"BOZON2X EDITIONS","description":"Acc\u00e9l\u00e9rateur de particules neuronales","potentialAction":[{"@type":"SearchAction","target":{"@type":"EntryPoint","urlTemplate":"https:\/\/bozon2x.be\/blog\/?s={search_term_string}"},"query-input":{"@type":"PropertyValueSpecification","valueRequired":true,"valueName":"search_term_string"}}],"inLanguage":"fr-FR"},{"@type":"Person","@id":"https:\/\/bozon2x.be\/blog\/#\/schema\/person\/937ea07f4a370fb912f3dd9708abf5c4","name":"bozon2x","image":{"@type":"ImageObject","inLanguage":"fr-FR","@id":"https:\/\/secure.gravatar.com\/avatar\/25b9f28a156409b45d9e99ba8677e78ede647c79e1e60454a88eab3034035ebc?s=96&d=mm&r=g","url":"https:\/\/secure.gravatar.com\/avatar\/25b9f28a156409b45d9e99ba8677e78ede647c79e1e60454a88eab3034035ebc?s=96&d=mm&r=g","contentUrl":"https:\/\/secure.gravatar.com\/avatar\/25b9f28a156409b45d9e99ba8677e78ede647c79e1e60454a88eab3034035ebc?s=96&d=mm&r=g","caption":"bozon2x"},"url":"https:\/\/bozon2x.be\/blog\/author\/bozon2x\/"}]}},"jetpack_sharing_enabled":true,"jetpack_shortlink":"https:\/\/wp.me\/p5k2Xt-ng","jetpack-related-posts":[],"jetpack_featured_media_url":"https:\/\/i0.wp.com\/bozon2x.be\/blog\/wp-content\/uploads\/2023\/09\/Couv-Capitule-mirage.jpg?fit=1054%2C1430&ssl=1","_links":{"self":[{"href":"https:\/\/bozon2x.be\/blog\/wp-json\/wp\/v2\/posts\/1442","targetHints":{"allow":["GET"]}}],"collection":[{"href":"https:\/\/bozon2x.be\/blog\/wp-json\/wp\/v2\/posts"}],"about":[{"href":"https:\/\/bozon2x.be\/blog\/wp-json\/wp\/v2\/types\/post"}],"author":[{"embeddable":true,"href":"https:\/\/bozon2x.be\/blog\/wp-json\/wp\/v2\/users\/10"}],"replies":[{"embeddable":true,"href":"https:\/\/bozon2x.be\/blog\/wp-json\/wp\/v2\/comments?post=1442"}],"version-history":[{"count":7,"href":"https:\/\/bozon2x.be\/blog\/wp-json\/wp\/v2\/posts\/1442\/revisions"}],"predecessor-version":[{"id":1557,"href":"https:\/\/bozon2x.be\/blog\/wp-json\/wp\/v2\/posts\/1442\/revisions\/1557"}],"wp:featuredmedia":[{"embeddable":true,"href":"https:\/\/bozon2x.be\/blog\/wp-json\/wp\/v2\/media\/1419"}],"wp:attachment":[{"href":"https:\/\/bozon2x.be\/blog\/wp-json\/wp\/v2\/media?parent=1442"}],"wp:term":[{"taxonomy":"category","embeddable":true,"href":"https:\/\/bozon2x.be\/blog\/wp-json\/wp\/v2\/categories?post=1442"},{"taxonomy":"post_tag","embeddable":true,"href":"https:\/\/bozon2x.be\/blog\/wp-json\/wp\/v2\/tags?post=1442"}],"curies":[{"name":"wp","href":"https:\/\/api.w.org\/{rel}","templated":true}]}}