{"id":1392,"date":"2023-08-02T13:16:02","date_gmt":"2023-08-02T11:16:02","guid":{"rendered":"http:\/\/bozon2x.be\/blog\/?p=1392"},"modified":"2023-11-27T19:43:58","modified_gmt":"2023-11-27T18:43:58","slug":"les-bonnes-ondes-de-la-fection","status":"publish","type":"post","link":"https:\/\/bozon2x.be\/blog\/les-bonnes-ondes-de-la-fection\/","title":{"rendered":"Les bonnes ondes de la fection"},"content":{"rendered":"<p>\u00ab\u00a0Moi, je viens d&rsquo;un pays o\u00f9 les arbres sont si hauts, que m\u00eame les oiseaux ne peuvent se poser au sommet\u00a0\u00bb (<em>L&rsquo;<\/em><em>\u00c9<\/em><em>cole des jours<\/em>, 1972).<\/p>\n<p>Ce n\u2019est pas n\u00e9cessairement triste (comme on pourrait le croire) mais c\u2019est un fait\u00a0: dans la vie, on a que le cadre que l\u2019on a.<\/p>\n<p>C\u2019est une affirmation contestable, mais je m\u2019explique\u00a0: peu d\u2019entre nous r\u00e9ussiront \u00e0 faire le tour de la Terre. Et m\u00eame \u00e0 notre \u00e9poque, \u00e2ge d&rsquo;or des d\u00e9placements g\u00e9ographiques, nos cabotages suffiront simplement \u00e0 nous familiariser avec notre propre pays.<\/p>\n<p>Dans le m\u00eame ordre d\u2019id\u00e9es, le Dessin, le Th\u00e9\u00e2tre, ou les sept autres filles de Zeus, sont pour moi des <em>fections<\/em><a name=\"_ftnref\"><\/a>[1] favorables. C\u2019est \u00e0 dire un d\u00e9ni bienveillant de notre imperceptibilit\u00e9 \u00e0 l\u2019\u00e9chelle du temps cosmique.<\/p>\n<p>Il s\u2019agit d\u2019une conception anthropocentriste rassurante, qui nous surkiffe, nous rass\u00e9r\u00e8ne et n\u2019h\u00e9site jamais \u00e0 nous d\u00e9signer, au sein des autres cr\u00e9atures vivantes, comme des \u00eatres formidables.<\/p>\n<p>\u00c7a aussi c\u2019est contestable et attention \u00e0 l\u2019effet <em>Frankenstein<\/em>. Du coup, pour mieux comprendre mon propos, je vous conseille, d\u00e8s maintenant (et tr\u00e8s ironiquement), de lire mon ouvrage apocryphe <em>Comment se faire des amis\u00a0? <\/em><\/p>\n<p>Je suis d\u00e9\u00e7u. Une lectrice a trouv\u00e9 mes \u00e9crits un peu d\u00e9primants. Je le regrette sinc\u00e8rement, mais\u00a0je peux le comprendre.<\/p>\n<p>C\u2019est vrai que l\u2019agnosticisme n\u00e9cessite quelque effort.<\/p>\n<p>Je dois simplement pr\u00e9ciser que, chez moi, il n\u2019est pas le r\u00e9sultat d\u2019un choix mais d\u2019une r\u00e9elle incapacit\u00e9 \u00e0 croire \u00e0 ce que je consid\u00e8re comme des sornettes.<\/p>\n<p>\u00c0 titre personnel, je ne pourrai parler que de deux <em>fections<\/em>, celles que j\u2019ai eu la chance de vivre.<\/p>\n<p>C\u2019\u00e9taient deux <em>fections<\/em> d\u00e9licieuses : le dessin (et sa mise en couleurs<a name=\"_ftnref\"><\/a>[2]) qui m\u2019a souvent permis de manger \u00e0 la fin du mois et la litt\u00e9rature vers laquelle je me suis tourn\u00e9 lorsque suis devenu malvoyant.<\/p>\n<p>Je me souviens pourtant, comme si c\u2019\u00e9tait hier, des mes expositions. J\u2019ai \u00e9t\u00e9, en effet, dessinateur et (un court instant) homme public (dans le sens o\u00f9, lors des vernissages, j\u2019\u00e9tais <em>stricto sensu<\/em> en repr\u00e9sentation).<\/p>\n<p>Que du beau monde\u00a0! Du gratin en col blanc. Mouchoirs de soie et Doc Martens \u00e0 talons aiguilles. Des ventes comme s\u2019il en pleuvait. Des commandes \u00e0 la sauvette dans des hangars perdus. Traqu\u00e9 par le fisc, redevable, contribuable et corv\u00e9able \u00e0 tous les niveaux d\u2019eau.<\/p>\n<p>Ce qui cautionnait mon cheminement, c\u2019\u00e9tait la belle vie que je m\u2019inventais.<\/p>\n<p>Artiste\u00a0!&#8230; Je n\u2019envisageais pas encore la ruine, la vieillesse, les faux ennemis\u2026<\/p>\n<p>Encore aujourd\u2019hui, au milieu des factures,\u00a0 je re\u00e7ois des jaculations :\u00a0 dernier avertissement avant saisie\u2026 veuillez r\u00e9gulariser votre situation\u2026 cliquez sur ce lien en toute confiance\u2026<\/p>\n<p>Eh oui, si le bonheur d\u2019une <em>fection<\/em> dans un univers artistique exige de poser des actes cr\u00e9atifs (et engendre sa s\u00e9rie logique de postures), elle reste soumise au regard des autres, et au poids exerc\u00e9 par leurs go\u00fbts personnels (et par leurs achats) sur la reconnaissance du talent et la p\u00e9rennit\u00e9 d\u2019une carri\u00e8re.<\/p>\n<p>Tout se paie. Mon insolente r\u00e9ussite m\u2019a rendu heureux mais a peut-\u00eatre fait des envieux, des jaloux \u00e0 propos desquels il vaut mieux garder intelligemment un silence entendu.<\/p>\n<p>Faut-il rappeler que le mutisme est parfois l\u2019option la plus sagace\u00a0?<\/p>\n<p>Si je choisis d\u2019en parler, c\u2019est certes\u00a0pour c\u00e9l\u00e9brer l\u2019audace de Tzara<a name=\"_ftnref\"><\/a>[3], mais aussi pour \u00e9tayer la cr\u00e9ation euphorique du M.O.I.<a name=\"_ftnref\"><\/a>[4]\u00a0; pour prouver que ma fa\u00e7on d\u2019envisager le monde (monde que l\u2019on peut consid\u00e9rer comme relativement hostile au d\u00e9part) ne rend pas forc\u00e9ment fou. Non.<\/p>\n<p>Mais, tel le photographe aveugle imagin\u00e9 par Topor,\u00a0elle permet d\u2019acqu\u00e9rir de la force. Notre fugacit\u00e9 a parfois le temps d\u2019envisager l\u2019absurdit\u00e9\u00a0de la vie. Cela engendre notre joyeux refus qu\u2019elle se r\u00e9sume \u00e0 la reproduction.<\/p>\n<p>Le rire est, de ce fait, un secours aussi grand que la religion.<\/p>\n<p>Lorsqu\u2019on est \u00e0 la fronti\u00e8re qui s\u00e9pare un monde intelligible d\u2019un monde o\u00f9 rien n\u2019a d\u2019importance, cette d\u00e9limitation, cette d\u00e9finition, cette <em>fection<\/em> d\u2019\u00eatre artiste est, sans nul doute, salutaire.<\/p>\n<p>Car, comme disait Flaubert\u00a0: sans passion, on mourrait de tristesse.<\/p>\n<p>Chacun sa marotte\u00a0! et c\u2019est l\u00e0 que Dada prend tout son sens.<\/p>\n<p>Mais, dans le futur K-pop, qui s\u2019int\u00e9ressera encore \u00e0 ce mouvement pr\u00e9curseur du surr\u00e9alisme\u00a0?<\/p>\n<p>Mon truc\u00a0(enfin un de mes trucs)\u00a0?<\/p>\n<p>Je me raccroche \u00e0 des <em>fections<\/em> id\u00e9alis\u00e9es sortant tout droit des <em>seventies<\/em> <a name=\"_ftnref\"><\/a>[5]. Une \u00e9poque o\u00f9 j\u2019\u00e9tais seul et o\u00f9 j\u2019\u00e9tais bien. Un \u00e9poque o\u00f9 je n\u2019avais pas encore rencontr\u00e9 ma premi\u00e8re femme.<\/p>\n<p>Je me sentais verlainien, rimbaldien, jerryrubinien\u2026 comme par exemple dans cette chanson que j\u2019avais \u00e9crite bien avant d\u2019avoir son avis\u00a0:<\/p>\n<p>\u00ab\u00a0Moi je m\u2019amuse comme je peux.<\/p>\n<p>Je ne cherche pas ce que je n\u2019ai pas,<\/p>\n<p>Je n\u2019accepte rien des vitrines des magasins.\u00a0\u00bb<\/p>\n<p>\u2014 Charlatan\u00a0! Avait-elle m\u00e9pris\u00e9 quand elle l\u2019avait entendue.<\/p>\n<p>Et pourtant moi, pour qui le temps \u00e9tait une des choses les plus pr\u00e9cieuses, je ne comprenais pas tr\u00e8s bien comment des gens pouvaient passer leur vie \u00e0 jouer aux cartes (par exemple)\u2026<\/p>\n<p>\u00c0 l\u2019heure d\u2019aujourd\u2019hui, j\u2019ai beaucoup chang\u00e9 d\u2019optique\u00a0: et, ma foi, jouer aux cartes, si \u00e7a peut les rendre heureux\u2026 bah, oui\u00a0! pourquoi pas\u00a0?<\/p>\n<p>Dor\u00e9navant, je redresse d\u00e9licieusement ma cr\u00eate, tel un coq en pl\u00e2tre, et je crie, dans une explosion d\u2019hilarit\u00e9\u00a0: bande de sous-expos\u00e9s\u00a0!<\/p>\n<p>Un jour viendra, dans le sens des aiguilles d\u2019une montre, o\u00f9 je leur ferai rendre Georges.<\/p>\n<p>Voici le moment tant attendu de nous quitter, et cette fois avec David Robert Jones\u00a0:<\/p>\n<p>This way or no way<br \/>\nYou know, I&rsquo;ll be free.<br \/>\nJust like that bluebird.<br \/>\nNow, ain&rsquo;t that just like me?\u00a0 <a name=\"_ftnref\"><\/a><sup>[6]<\/sup><\/p>\n<p>Merci pour vos <em>like<\/em>, pour tous vos gentils commentaires via Messenger et pour vos abonnements.<\/p>\n<p>\u00c0 bient\u00f4t.<\/p>\n<p><a name=\"_ftn1\"><\/a>[1] \u00ab\u00a0Fection\u00a0\u00bb\u00a0: mon n\u00e9ologisme est tir\u00e9 du verbe figer. Sa substantivation, qui connait officiellement \u00ab\u00a0figement\u00a0\u00bb, m\u2019offrait \u00ab\u00a0fection\u00a0\u00bb (sur base du verbe \u00ab\u00a0\u00e9riger\u00a0\u00bb) ou \u00ab\u00a0figation\u00a0\u00bb (sur base du verbe \u00ab\u00a0obliger\u00a0\u00bb). J\u2019ai choisi le premier, non seulement pour refl\u00e9ter la facette s\u00e9mantique que je d\u00e9sirais \u00e9voquer, mais \u00e9galement parce qu\u2019il instillait un sens nouveau \u00e0 \u00ab\u00a0infection\u00a0\u00bb et \u00ab\u00a0d\u00e9fection\u00a0\u00bb.<\/p>\n<p><a name=\"_ftn2\"><\/a>[2] Crayons de couleurs\u00a0; aquarelle\u00a0; acryliques\u00a0; pastels de cire\u00a0; sanguine et pierre noire. On ne peut pas, \u00e0 proprement parler, \u00e9voquer la Peinture.<\/p>\n<p><a name=\"_ftn3\"><\/a>[3] Tristan Tzara, \u00e9crivain, po\u00e8te et essayiste, est l&rsquo;un des fondateurs du mouvement Dada dont il sera par la suite le chef de file. Il est ainsi consid\u00e9r\u00e9, en France, comme l&rsquo;un des principaux repr\u00e9sentants de la litt\u00e9rature dada.<\/p>\n<p><a name=\"_ftn4\"><\/a>[4] Le Mouvement des Optimistes Incurables (le M.O.I.), fond\u00e9 en 1999, a \u00e9t\u00e9 largement parrain\u00e9 par Groucho Marx et par la BD <em>Fosdyke Saga<\/em> de Bill Tidy. Ses statuts figurent int\u00e9gralement dans l\u2019ouvrage \u00a9 <em>La Muse empaill\u00e9e<\/em>.<\/p>\n<p><a name=\"_ftn5\"><\/a>[5] Les ann\u00e9es 1970 ne me titrent pas mais me l\u00e9gitiment un peu.<\/p>\n<p>[5] (+ ou-) De cette fa\u00e7on ou pas du tout<\/p>\n<p>Tu sais, je serai libre<\/p>\n<p><a name=\"_ftn6\"><\/a>Juste comme cet oiseau bleu.<\/p>\n<p>Maintenant, est-ce que ce n&rsquo;est pas juste comme moi ?<\/p>\n","protected":false},"excerpt":{"rendered":"<p>\u00ab\u00a0Moi, je viens d&rsquo;un pays o\u00f9 les arbres sont si hauts, que m\u00eame les oiseaux ne peuvent se poser au<\/p>\n","protected":false},"author":4,"featured_media":1395,"comment_status":"open","ping_status":"open","sticky":false,"template":"","format":"standard","meta":{"colormag_page_container_layout":"default_layout","colormag_page_sidebar_layout":"default_layout","_jetpack_newsletter_access":"","_jetpack_dont_email_post_to_subs":false,"_jetpack_newsletter_tier_id":0,"_jetpack_memberships_contains_paywalled_content":false,"_jetpack_memberships_contains_paid_content":false,"footnotes":""},"categories":[41,1],"tags":[225,257,76,272,274,79],"class_list":["post-1392","post","type-post","status-publish","format-standard","has-post-thumbnail","hentry","category-la-folie-des-glandeurs","category-non-classe","tag-ecrivain","tag-imaginaire","tag-litterature","tag-metafiction","tag-pataphysique","tag-surrealisme"],"yoast_head":"<!-- This site is optimized with the Yoast SEO plugin v28.3 - https:\/\/yoast.com\/product\/yoast-seo-wordpress\/ -->\n<title>Les bonnes ondes de la fection<\/title>\n<meta name=\"description\" content=\"\u00ab\u00a0Moi, je viens d&#039;un pays o\u00f9 les arbres sont si hauts, que m\u00eame les oiseaux ne peuvent se poser au sommet\u00a0\u00bb (L&#039;\u00c9cole des jours, 1972). Ce n\u2019est pas\" \/>\n<meta name=\"robots\" content=\"index, follow, max-snippet:-1, max-image-preview:large, max-video-preview:-1\" \/>\n<link rel=\"canonical\" href=\"https:\/\/bozon2x.be\/blog\/les-bonnes-ondes-de-la-fection\/\" \/>\n<meta property=\"og:locale\" content=\"fr_FR\" \/>\n<meta property=\"og:type\" content=\"article\" \/>\n<meta property=\"og:title\" content=\"Les bonnes ondes de la fection\" \/>\n<meta property=\"og:description\" content=\"\u00ab\u00a0Moi, je viens d&#039;un pays o\u00f9 les arbres sont si hauts, que m\u00eame les oiseaux ne peuvent se poser au sommet\u00a0\u00bb (L&#039;\u00c9cole des jours, 1972). Ce n\u2019est pas\" \/>\n<meta property=\"og:url\" content=\"https:\/\/bozon2x.be\/blog\/les-bonnes-ondes-de-la-fection\/\" \/>\n<meta property=\"og:site_name\" content=\"BOZON2X EDITIONS\" \/>\n<meta property=\"article:publisher\" content=\"https:\/\/www.facebook.com\/pages\/Bozon2x-%c3%a9ditions\/1507815722823608?ref=hl\" \/>\n<meta property=\"article:published_time\" content=\"2023-08-02T11:16:02+00:00\" \/>\n<meta property=\"article:modified_time\" content=\"2023-11-27T18:43:58+00:00\" \/>\n<meta property=\"og:image\" content=\"https:\/\/bozon2x.be\/blog\/wp-content\/uploads\/2023\/08\/topor.jpg\" \/>\n\t<meta property=\"og:image:width\" content=\"767\" \/>\n\t<meta property=\"og:image:height\" content=\"771\" \/>\n\t<meta property=\"og:image:type\" content=\"image\/jpeg\" \/>\n<meta name=\"author\" content=\"Georgie de Saint-Maur\" \/>\n<meta name=\"twitter:card\" content=\"summary_large_image\" \/>\n<meta name=\"twitter:creator\" content=\"@Bozon2xBozon\" \/>\n<meta name=\"twitter:site\" content=\"@Bozon2xBozon\" \/>\n<meta name=\"twitter:label1\" content=\"\u00c9crit par\" \/>\n\t<meta name=\"twitter:data1\" content=\"Georgie de Saint-Maur\" \/>\n\t<meta name=\"twitter:label2\" content=\"Dur\u00e9e de lecture estim\u00e9e\" \/>\n\t<meta name=\"twitter:data2\" content=\"6 minutes\" \/>\n<script type=\"application\/ld+json\" class=\"yoast-schema-graph\">{\"@context\":\"https:\\\/\\\/schema.org\",\"@graph\":[{\"@type\":\"Article\",\"@id\":\"https:\\\/\\\/bozon2x.be\\\/blog\\\/les-bonnes-ondes-de-la-fection\\\/#article\",\"isPartOf\":{\"@id\":\"https:\\\/\\\/bozon2x.be\\\/blog\\\/les-bonnes-ondes-de-la-fection\\\/\"},\"author\":{\"name\":\"Georgie de Saint-Maur\",\"@id\":\"https:\\\/\\\/bozon2x.be\\\/blog\\\/#\\\/schema\\\/person\\\/6ce0c4e793b8cc57af61932ec9e4155c\"},\"headline\":\"Les bonnes ondes de la fection\",\"datePublished\":\"2023-08-02T11:16:02+00:00\",\"dateModified\":\"2023-11-27T18:43:58+00:00\",\"mainEntityOfPage\":{\"@id\":\"https:\\\/\\\/bozon2x.be\\\/blog\\\/les-bonnes-ondes-de-la-fection\\\/\"},\"wordCount\":1233,\"commentCount\":2,\"image\":{\"@id\":\"https:\\\/\\\/bozon2x.be\\\/blog\\\/les-bonnes-ondes-de-la-fection\\\/#primaryimage\"},\"thumbnailUrl\":\"https:\\\/\\\/i0.wp.com\\\/bozon2x.be\\\/blog\\\/wp-content\\\/uploads\\\/2023\\\/08\\\/topor.jpg?fit=767%2C771&ssl=1\",\"keywords\":[\"\u00e9crivain\",\"imaginaire\",\"litt\u00e9rature\",\"m\u00e9tafiction\",\"pataphysique\",\"surr\u00e9alisme\"],\"articleSection\":[\"La folie des glandeurs\"],\"inLanguage\":\"fr-FR\",\"potentialAction\":[{\"@type\":\"CommentAction\",\"name\":\"Comment\",\"target\":[\"https:\\\/\\\/bozon2x.be\\\/blog\\\/les-bonnes-ondes-de-la-fection\\\/#respond\"]}]},{\"@type\":\"WebPage\",\"@id\":\"https:\\\/\\\/bozon2x.be\\\/blog\\\/les-bonnes-ondes-de-la-fection\\\/\",\"url\":\"https:\\\/\\\/bozon2x.be\\\/blog\\\/les-bonnes-ondes-de-la-fection\\\/\",\"name\":\"Les bonnes ondes de la fection\",\"isPartOf\":{\"@id\":\"https:\\\/\\\/bozon2x.be\\\/blog\\\/#website\"},\"primaryImageOfPage\":{\"@id\":\"https:\\\/\\\/bozon2x.be\\\/blog\\\/les-bonnes-ondes-de-la-fection\\\/#primaryimage\"},\"image\":{\"@id\":\"https:\\\/\\\/bozon2x.be\\\/blog\\\/les-bonnes-ondes-de-la-fection\\\/#primaryimage\"},\"thumbnailUrl\":\"https:\\\/\\\/i0.wp.com\\\/bozon2x.be\\\/blog\\\/wp-content\\\/uploads\\\/2023\\\/08\\\/topor.jpg?fit=767%2C771&ssl=1\",\"datePublished\":\"2023-08-02T11:16:02+00:00\",\"dateModified\":\"2023-11-27T18:43:58+00:00\",\"author\":{\"@id\":\"https:\\\/\\\/bozon2x.be\\\/blog\\\/#\\\/schema\\\/person\\\/6ce0c4e793b8cc57af61932ec9e4155c\"},\"description\":\"\u00ab\u00a0Moi, je viens d'un pays o\u00f9 les arbres sont si hauts, que m\u00eame les oiseaux ne peuvent se poser au sommet\u00a0\u00bb (L'\u00c9cole des jours, 1972). Ce n\u2019est pas\",\"breadcrumb\":{\"@id\":\"https:\\\/\\\/bozon2x.be\\\/blog\\\/les-bonnes-ondes-de-la-fection\\\/#breadcrumb\"},\"inLanguage\":\"fr-FR\",\"potentialAction\":[{\"@type\":\"ReadAction\",\"target\":[\"https:\\\/\\\/bozon2x.be\\\/blog\\\/les-bonnes-ondes-de-la-fection\\\/\"]}]},{\"@type\":\"ImageObject\",\"inLanguage\":\"fr-FR\",\"@id\":\"https:\\\/\\\/bozon2x.be\\\/blog\\\/les-bonnes-ondes-de-la-fection\\\/#primaryimage\",\"url\":\"https:\\\/\\\/i0.wp.com\\\/bozon2x.be\\\/blog\\\/wp-content\\\/uploads\\\/2023\\\/08\\\/topor.jpg?fit=767%2C771&ssl=1\",\"contentUrl\":\"https:\\\/\\\/i0.wp.com\\\/bozon2x.be\\\/blog\\\/wp-content\\\/uploads\\\/2023\\\/08\\\/topor.jpg?fit=767%2C771&ssl=1\",\"width\":767,\"height\":771},{\"@type\":\"BreadcrumbList\",\"@id\":\"https:\\\/\\\/bozon2x.be\\\/blog\\\/les-bonnes-ondes-de-la-fection\\\/#breadcrumb\",\"itemListElement\":[{\"@type\":\"ListItem\",\"position\":1,\"name\":\"Accueil\",\"item\":\"https:\\\/\\\/bozon2x.be\\\/blog\\\/\"},{\"@type\":\"ListItem\",\"position\":2,\"name\":\"Les bonnes ondes de la fection\"}]},{\"@type\":\"WebSite\",\"@id\":\"https:\\\/\\\/bozon2x.be\\\/blog\\\/#website\",\"url\":\"https:\\\/\\\/bozon2x.be\\\/blog\\\/\",\"name\":\"BOZON2X EDITIONS\",\"description\":\"Acc\u00e9l\u00e9rateur de particules neuronales\",\"potentialAction\":[{\"@type\":\"SearchAction\",\"target\":{\"@type\":\"EntryPoint\",\"urlTemplate\":\"https:\\\/\\\/bozon2x.be\\\/blog\\\/?s={search_term_string}\"},\"query-input\":{\"@type\":\"PropertyValueSpecification\",\"valueRequired\":true,\"valueName\":\"search_term_string\"}}],\"inLanguage\":\"fr-FR\"},{\"@type\":\"Person\",\"@id\":\"https:\\\/\\\/bozon2x.be\\\/blog\\\/#\\\/schema\\\/person\\\/6ce0c4e793b8cc57af61932ec9e4155c\",\"name\":\"Georgie de Saint-Maur\",\"image\":{\"@type\":\"ImageObject\",\"inLanguage\":\"fr-FR\",\"@id\":\"https:\\\/\\\/secure.gravatar.com\\\/avatar\\\/1f4636a57422df836357dc11ab1f6b0d97a91df824ed902a10c0bc5006f63a80?s=96&d=mm&r=g\",\"url\":\"https:\\\/\\\/secure.gravatar.com\\\/avatar\\\/1f4636a57422df836357dc11ab1f6b0d97a91df824ed902a10c0bc5006f63a80?s=96&d=mm&r=g\",\"contentUrl\":\"https:\\\/\\\/secure.gravatar.com\\\/avatar\\\/1f4636a57422df836357dc11ab1f6b0d97a91df824ed902a10c0bc5006f63a80?s=96&d=mm&r=g\",\"caption\":\"Georgie de Saint-Maur\"},\"url\":\"https:\\\/\\\/bozon2x.be\\\/blog\\\/author\\\/saintmaur\\\/\"}]}<\/script>\n<!-- \/ Yoast SEO plugin. -->","yoast_head_json":{"title":"Les bonnes ondes de la fection","description":"\u00ab\u00a0Moi, je viens d'un pays o\u00f9 les arbres sont si hauts, que m\u00eame les oiseaux ne peuvent se poser au sommet\u00a0\u00bb (L'\u00c9cole des jours, 1972). Ce n\u2019est pas","robots":{"index":"index","follow":"follow","max-snippet":"max-snippet:-1","max-image-preview":"max-image-preview:large","max-video-preview":"max-video-preview:-1"},"canonical":"https:\/\/bozon2x.be\/blog\/les-bonnes-ondes-de-la-fection\/","og_locale":"fr_FR","og_type":"article","og_title":"Les bonnes ondes de la fection","og_description":"\u00ab\u00a0Moi, je viens d'un pays o\u00f9 les arbres sont si hauts, que m\u00eame les oiseaux ne peuvent se poser au sommet\u00a0\u00bb (L'\u00c9cole des jours, 1972). Ce n\u2019est pas","og_url":"https:\/\/bozon2x.be\/blog\/les-bonnes-ondes-de-la-fection\/","og_site_name":"BOZON2X EDITIONS","article_publisher":"https:\/\/www.facebook.com\/pages\/Bozon2x-%c3%a9ditions\/1507815722823608?ref=hl","article_published_time":"2023-08-02T11:16:02+00:00","article_modified_time":"2023-11-27T18:43:58+00:00","og_image":[{"width":767,"height":771,"url":"https:\/\/bozon2x.be\/blog\/wp-content\/uploads\/2023\/08\/topor.jpg","type":"image\/jpeg"}],"author":"Georgie de Saint-Maur","twitter_card":"summary_large_image","twitter_creator":"@Bozon2xBozon","twitter_site":"@Bozon2xBozon","twitter_misc":{"\u00c9crit par":"Georgie de Saint-Maur","Dur\u00e9e de lecture estim\u00e9e":"6 minutes"},"schema":{"@context":"https:\/\/schema.org","@graph":[{"@type":"Article","@id":"https:\/\/bozon2x.be\/blog\/les-bonnes-ondes-de-la-fection\/#article","isPartOf":{"@id":"https:\/\/bozon2x.be\/blog\/les-bonnes-ondes-de-la-fection\/"},"author":{"name":"Georgie de Saint-Maur","@id":"https:\/\/bozon2x.be\/blog\/#\/schema\/person\/6ce0c4e793b8cc57af61932ec9e4155c"},"headline":"Les bonnes ondes de la fection","datePublished":"2023-08-02T11:16:02+00:00","dateModified":"2023-11-27T18:43:58+00:00","mainEntityOfPage":{"@id":"https:\/\/bozon2x.be\/blog\/les-bonnes-ondes-de-la-fection\/"},"wordCount":1233,"commentCount":2,"image":{"@id":"https:\/\/bozon2x.be\/blog\/les-bonnes-ondes-de-la-fection\/#primaryimage"},"thumbnailUrl":"https:\/\/i0.wp.com\/bozon2x.be\/blog\/wp-content\/uploads\/2023\/08\/topor.jpg?fit=767%2C771&ssl=1","keywords":["\u00e9crivain","imaginaire","litt\u00e9rature","m\u00e9tafiction","pataphysique","surr\u00e9alisme"],"articleSection":["La folie des glandeurs"],"inLanguage":"fr-FR","potentialAction":[{"@type":"CommentAction","name":"Comment","target":["https:\/\/bozon2x.be\/blog\/les-bonnes-ondes-de-la-fection\/#respond"]}]},{"@type":"WebPage","@id":"https:\/\/bozon2x.be\/blog\/les-bonnes-ondes-de-la-fection\/","url":"https:\/\/bozon2x.be\/blog\/les-bonnes-ondes-de-la-fection\/","name":"Les bonnes ondes de la fection","isPartOf":{"@id":"https:\/\/bozon2x.be\/blog\/#website"},"primaryImageOfPage":{"@id":"https:\/\/bozon2x.be\/blog\/les-bonnes-ondes-de-la-fection\/#primaryimage"},"image":{"@id":"https:\/\/bozon2x.be\/blog\/les-bonnes-ondes-de-la-fection\/#primaryimage"},"thumbnailUrl":"https:\/\/i0.wp.com\/bozon2x.be\/blog\/wp-content\/uploads\/2023\/08\/topor.jpg?fit=767%2C771&ssl=1","datePublished":"2023-08-02T11:16:02+00:00","dateModified":"2023-11-27T18:43:58+00:00","author":{"@id":"https:\/\/bozon2x.be\/blog\/#\/schema\/person\/6ce0c4e793b8cc57af61932ec9e4155c"},"description":"\u00ab\u00a0Moi, je viens d'un pays o\u00f9 les arbres sont si hauts, que m\u00eame les oiseaux ne peuvent se poser au sommet\u00a0\u00bb (L'\u00c9cole des jours, 1972). Ce n\u2019est pas","breadcrumb":{"@id":"https:\/\/bozon2x.be\/blog\/les-bonnes-ondes-de-la-fection\/#breadcrumb"},"inLanguage":"fr-FR","potentialAction":[{"@type":"ReadAction","target":["https:\/\/bozon2x.be\/blog\/les-bonnes-ondes-de-la-fection\/"]}]},{"@type":"ImageObject","inLanguage":"fr-FR","@id":"https:\/\/bozon2x.be\/blog\/les-bonnes-ondes-de-la-fection\/#primaryimage","url":"https:\/\/i0.wp.com\/bozon2x.be\/blog\/wp-content\/uploads\/2023\/08\/topor.jpg?fit=767%2C771&ssl=1","contentUrl":"https:\/\/i0.wp.com\/bozon2x.be\/blog\/wp-content\/uploads\/2023\/08\/topor.jpg?fit=767%2C771&ssl=1","width":767,"height":771},{"@type":"BreadcrumbList","@id":"https:\/\/bozon2x.be\/blog\/les-bonnes-ondes-de-la-fection\/#breadcrumb","itemListElement":[{"@type":"ListItem","position":1,"name":"Accueil","item":"https:\/\/bozon2x.be\/blog\/"},{"@type":"ListItem","position":2,"name":"Les bonnes ondes de la fection"}]},{"@type":"WebSite","@id":"https:\/\/bozon2x.be\/blog\/#website","url":"https:\/\/bozon2x.be\/blog\/","name":"BOZON2X EDITIONS","description":"Acc\u00e9l\u00e9rateur de particules neuronales","potentialAction":[{"@type":"SearchAction","target":{"@type":"EntryPoint","urlTemplate":"https:\/\/bozon2x.be\/blog\/?s={search_term_string}"},"query-input":{"@type":"PropertyValueSpecification","valueRequired":true,"valueName":"search_term_string"}}],"inLanguage":"fr-FR"},{"@type":"Person","@id":"https:\/\/bozon2x.be\/blog\/#\/schema\/person\/6ce0c4e793b8cc57af61932ec9e4155c","name":"Georgie de Saint-Maur","image":{"@type":"ImageObject","inLanguage":"fr-FR","@id":"https:\/\/secure.gravatar.com\/avatar\/1f4636a57422df836357dc11ab1f6b0d97a91df824ed902a10c0bc5006f63a80?s=96&d=mm&r=g","url":"https:\/\/secure.gravatar.com\/avatar\/1f4636a57422df836357dc11ab1f6b0d97a91df824ed902a10c0bc5006f63a80?s=96&d=mm&r=g","contentUrl":"https:\/\/secure.gravatar.com\/avatar\/1f4636a57422df836357dc11ab1f6b0d97a91df824ed902a10c0bc5006f63a80?s=96&d=mm&r=g","caption":"Georgie de Saint-Maur"},"url":"https:\/\/bozon2x.be\/blog\/author\/saintmaur\/"}]}},"jetpack_sharing_enabled":true,"jetpack_shortlink":"https:\/\/wp.me\/p5k2Xt-ms","jetpack-related-posts":[],"jetpack_featured_media_url":"https:\/\/i0.wp.com\/bozon2x.be\/blog\/wp-content\/uploads\/2023\/08\/topor.jpg?fit=767%2C771&ssl=1","_links":{"self":[{"href":"https:\/\/bozon2x.be\/blog\/wp-json\/wp\/v2\/posts\/1392","targetHints":{"allow":["GET"]}}],"collection":[{"href":"https:\/\/bozon2x.be\/blog\/wp-json\/wp\/v2\/posts"}],"about":[{"href":"https:\/\/bozon2x.be\/blog\/wp-json\/wp\/v2\/types\/post"}],"author":[{"embeddable":true,"href":"https:\/\/bozon2x.be\/blog\/wp-json\/wp\/v2\/users\/4"}],"replies":[{"embeddable":true,"href":"https:\/\/bozon2x.be\/blog\/wp-json\/wp\/v2\/comments?post=1392"}],"version-history":[{"count":5,"href":"https:\/\/bozon2x.be\/blog\/wp-json\/wp\/v2\/posts\/1392\/revisions"}],"predecessor-version":[{"id":1523,"href":"https:\/\/bozon2x.be\/blog\/wp-json\/wp\/v2\/posts\/1392\/revisions\/1523"}],"wp:featuredmedia":[{"embeddable":true,"href":"https:\/\/bozon2x.be\/blog\/wp-json\/wp\/v2\/media\/1395"}],"wp:attachment":[{"href":"https:\/\/bozon2x.be\/blog\/wp-json\/wp\/v2\/media?parent=1392"}],"wp:term":[{"taxonomy":"category","embeddable":true,"href":"https:\/\/bozon2x.be\/blog\/wp-json\/wp\/v2\/categories?post=1392"},{"taxonomy":"post_tag","embeddable":true,"href":"https:\/\/bozon2x.be\/blog\/wp-json\/wp\/v2\/tags?post=1392"}],"curies":[{"name":"wp","href":"https:\/\/api.w.org\/{rel}","templated":true}]}}