{"id":1142,"date":"2020-11-03T14:55:46","date_gmt":"2020-11-03T13:55:46","guid":{"rendered":"http:\/\/bozon2x.be\/blog\/?p=1142"},"modified":"2020-11-03T14:55:53","modified_gmt":"2020-11-03T13:55:53","slug":"la-lecture-est-une-question-despace","status":"publish","type":"post","link":"https:\/\/bozon2x.be\/blog\/la-lecture-est-une-question-despace\/","title":{"rendered":"La lecture est une question d\u2019espace"},"content":{"rendered":"<p style=\"text-align: left;\"><i>Dis-toi que nous n\u2019en finissons pas de na\u00eetre<\/i><\/p>\n<p style=\"text-align: left;\"><i>Mais que les morts, eux, ont fini de mourir.<\/i><\/p>\n<p style=\"text-align: left;\">Louis-Ren\u00e9 des For\u00eats, <i>Po\u00e8mes de Samuel Wood<\/i><\/p>\n<p><a href=\"https:\/\/i0.wp.com\/bozon2x.be\/blog\/wp-content\/uploads\/2020\/11\/Illustration_Lecture_question-d-espace_Lorenzo-Soccavo.jpg?ssl=1\"><img data-recalc-dims=\"1\" loading=\"lazy\" decoding=\"async\" data-attachment-id=\"1143\" data-permalink=\"https:\/\/bozon2x.be\/blog\/la-lecture-est-une-question-despace\/illustration_lecture_question-d-espace_lorenzo-soccavo\/\" data-orig-file=\"https:\/\/i0.wp.com\/bozon2x.be\/blog\/wp-content\/uploads\/2020\/11\/Illustration_Lecture_question-d-espace_Lorenzo-Soccavo.jpg?fit=1465%2C1020&amp;ssl=1\" data-orig-size=\"1465,1020\" data-comments-opened=\"1\" data-image-meta=\"{&quot;aperture&quot;:&quot;0&quot;,&quot;credit&quot;:&quot;&quot;,&quot;camera&quot;:&quot;&quot;,&quot;caption&quot;:&quot;&quot;,&quot;created_timestamp&quot;:&quot;0&quot;,&quot;copyright&quot;:&quot;&quot;,&quot;focal_length&quot;:&quot;0&quot;,&quot;iso&quot;:&quot;0&quot;,&quot;shutter_speed&quot;:&quot;0&quot;,&quot;title&quot;:&quot;&quot;,&quot;orientation&quot;:&quot;0&quot;}\" data-image-title=\"Illustration_Lecture_question-d-espace_Lorenzo-Soccavo\" data-image-description=\"\" data-image-caption=\"\" data-large-file=\"https:\/\/i0.wp.com\/bozon2x.be\/blog\/wp-content\/uploads\/2020\/11\/Illustration_Lecture_question-d-espace_Lorenzo-Soccavo.jpg?fit=800%2C557&amp;ssl=1\" class=\"size-medium wp-image-1143 alignleft\" src=\"https:\/\/i0.wp.com\/bozon2x.be\/blog\/wp-content\/uploads\/2020\/11\/Illustration_Lecture_question-d-espace_Lorenzo-Soccavo.jpg?resize=300%2C209&#038;ssl=1\" alt=\"\" width=\"300\" height=\"209\" srcset=\"https:\/\/i0.wp.com\/bozon2x.be\/blog\/wp-content\/uploads\/2020\/11\/Illustration_Lecture_question-d-espace_Lorenzo-Soccavo.jpg?resize=300%2C209&amp;ssl=1 300w, https:\/\/i0.wp.com\/bozon2x.be\/blog\/wp-content\/uploads\/2020\/11\/Illustration_Lecture_question-d-espace_Lorenzo-Soccavo.jpg?resize=1024%2C713&amp;ssl=1 1024w, https:\/\/i0.wp.com\/bozon2x.be\/blog\/wp-content\/uploads\/2020\/11\/Illustration_Lecture_question-d-espace_Lorenzo-Soccavo.jpg?resize=768%2C535&amp;ssl=1 768w, https:\/\/i0.wp.com\/bozon2x.be\/blog\/wp-content\/uploads\/2020\/11\/Illustration_Lecture_question-d-espace_Lorenzo-Soccavo.jpg?w=1465&amp;ssl=1 1465w\" sizes=\"auto, (max-width: 300px) 100vw, 300px\" \/><\/a>Avoir un nom de lieu \u2013\u00a0celui d\u2019un quartier de Naples dans la Campanie\u00a0\u2013 et n\u2019\u00eatre ailleurs que pour porter ce nom hors du lieu. Na\u00eetre ailleurs. Est-ce possible\u00a0? Qu\u2019est-ce que cela questionne\u00a0? Que faisons-nous des noms, de nos noms\u00a0? Les portons-nous comme nous portons des valises, ou bien les portons-nous comme des chapeaux\u00a0? Et eux, les noms, que font-ils de nous\u00a0?<\/p>\n<p>Pendant douze ans, de 1962 \u00e0 1974, de l\u2019\u00e2ge de deux ans et demi \u00e0 celui de quatorze ans et demi (notons d\u2019entr\u00e9e de jeu que la racine num\u00e9rique de 1962 [1+9+6+2] = 18 = 1+8) est 9, et celle de 1974, 3, ce qui laisserait d\u00e9j\u00e0 entendre qu\u2019au cours de ces ann\u00e9es, bien qu\u2019avan\u00e7ant en \u00e2ge, j\u2019aurais quelque part rebrouss\u00e9 chemin) j\u2019ai port\u00e9 le nom que je porte dans un endroit o\u00f9 les noms bougent encore en 2020, voire semble-t-il changent carr\u00e9ment de place. Les lieux semblaient pourtant bien avoir alors un nom. C\u2019\u00e9tait m\u00eame le nom du lieu et celui-ci \u00e9tait\u00a0: Mitry-le-Neuf. Mais d\u00e9j\u00e0 la gare \u00e9tait la gare de Villeparisis (en fait la gare, aujourd\u2019hui encore, est commune \u00e0 deux lieux dont elle est mitoyenne, et je ne retrouverai ce nom de Villeparisis que bien plus tard chez Proust, gr\u00e2ce \u00e0 Madame de Villeparisis), la mairie n\u2019\u00e9tait d\u00e9j\u00e0 que mairie annexe d\u2019une autre commune qui m\u2019apparaissait alors bien lointaine, n\u2019\u00e9tant pas celle avec laquelle nous partagions la gare, elle \u00e9tait carr\u00e9ment de l\u2019autre c\u00f4t\u00e9 des terres, de l\u2019autre c\u00f4t\u00e9 d\u2019un oc\u00e9an de bl\u00e9 et elle s\u2019appelait Mitry-Mory, mais, depuis, le nom de Mitry-le-Neuf semble comme s\u2019\u00eatre effac\u00e9 pour devenir celui d\u2019un quartier que je ne puis situer pr\u00e9cis\u00e9ment alors que l\u2019ensemble de Mitry-le-Neuf aurait pris le nom de Mitry-Mory et que Mitry-Mory prenait celui de&#8230; Mitry-Claye. Comment d\u00e8s lors qualifier ce lieu qui n\u2019est par ailleurs ni ville ni village, ni p\u00e9riph\u00e9rie ni banlieue, qui n\u2019est pas la province non plus. Ce n\u2019est pas la campagne ce n\u2019est pas la montagne ce n\u2019est pas le bord de mer. Ce n\u2019est pas touristique. C\u2019est. Simplement. C\u2019est. Les lieux. Pourrais-je dire. Pendant douze ans.<\/p>\n<p>Je suis retourn\u00e9 plusieurs fois sur les lieux en 2020. Je suis all\u00e9 en 2020 m\u2019attendre \u00e0 la sortie de l\u2019\u00e9cole primaire. Je n\u2019ai pas vu sortir le petit gar\u00e7on que j\u2019\u00e9tais tout comme lui ne me voyait pas l\u2019attendre. M\u2019attendre. Le temps est ce qui nous emp\u00eache de nous voir pour que l\u2019espace conserve une certaine coh\u00e9rence. Ce faisant l\u2019espace abolit presque la distance temporelle. Le temps nous rend seulement l\u2019un \u00e0 l\u2019autre invisibles. L\u2019absence que nous sommes l\u2019un \u00e0 l\u2019autre, et cela l\u2019un comme l\u2019autre nous l\u2019avons toujours ressenti, nous le ressentons, n\u2019est cependant que dans cette illusion temporelle, car, toujours, c\u2019est ensemble que nous avons \u00e9t\u00e9, c\u2019est un seul et m\u00eame que nous sommes. Vouloir nous s\u00e9parer serait illusoire.<\/p>\n<p>Pour ce qui est de l\u2019espace, notre pens\u00e9e peut toujours r\u00e9cup\u00e9rer les accrocs dans la tapisserie. Si nous ne sommes pas trop regardants les espaces demeurent semblables \u00e0 eux-m\u00eames. Une ressemblance, au pire une vraisemblance fera toujours l\u2019affaire. L\u2019espace a une pesanteur \u00e0 laquelle il doit son apparente stabilit\u00e9 de laquelle le temps, lui, s\u2019\u00e9chappe. Le temps fuite. Ces premi\u00e8res ann\u00e9es <i>je<\/i> \u00e9tait encore dans la foul\u00e9e de son moi de d\u00e9part, premiers mois des premi\u00e8res ann\u00e9es et premiers \u00e9mois des premiers pas et des premiers mots, et les maux des <i>pas ceci<\/i> et <i>pas cela<\/i>, premiers inter-dits et probl\u00e8mes de diction. L\u2019articulation au monde se fait dans l\u2019\u00e9cho pas \u00e0 pas du pass\u00e9.<\/p>\n<p>Chercher sa propre \u00e9tymologie pour devenir sa propre m\u00e9taphore, pour se d\u00e9lier de son nom d\u2019\u00e9tat-civil, le d\u00e9-lire en qu\u00eate de son nom v\u00e9ritable, celui qui traverse les \u00e2ges et s\u2019\u00e9chappe des deux extr\u00e9mit\u00e9s du parcours, la naissance, la mort. Le temps, lui, est l\u2019affaire du r\u00e9cit, mais c\u2019est en progressant dans l\u2019espace ouvert par des lectures, dans ce perp\u00e9tuel d\u00e9-lire l\u00e0, que je peux retourner au moment o\u00f9 le langage s\u2019est saisi de moi au cours de la premi\u00e8re moiti\u00e9 des ann\u00e9es soixante, et de l\u2019\u00e9cole. Retrouver le B-A-BA de la signifiance dans l\u2019insignifiant des d\u00e9cennies \u00e9coul\u00e9es depuis lors. Car d\u00e8s lors en zootechnie la succession des apprentissages \u00e9tait depuis belle lurette chose tr\u00e8s bien r\u00e9gl\u00e9e concernant l\u2019\u00e9ducation des jeunes enfants. La lecture est une question d\u2019espace parce que le langage se cristallise en texte d\u00e8s que, ou presque.<\/p>\n<p>C\u2019est curieux comme les espaces continuent \u00e0 circuler en nous quand nous ne circulons plus en eux. De la place Pasteur me semble-t-il jusqu\u2019\u00e0 la rue o\u00f9 \u00e9tait durant toutes ces ann\u00e9es la maison, devenue maison int\u00e9rieure, je m\u2019y rends encore souvent la nuit en r\u00eave. Qu\u2019est-ce que <i>se rendre<\/i>\u00a0? A posteriori ce devait \u00eatre l\u00e0-bas un espace incitant \u00e0 la lecture (dans la partie du jardin devant la maison il y avait d\u2019ailleurs des lilas\u00a0: <i>lis l\u00e0<\/i>\u00a0!). Je suis venu \u00e0 la lecture (ou la lecture est-elle venue \u00e0 moi) dans cet espace-l\u00e0.<\/p>\n<p>Les outils de visualisation permettent aujourd\u2019hui d\u2019amener \u00e0 soi des images du pass\u00e9. Le 30 ao\u00fbt 1963, \u00e0 peu pr\u00e8s \u00e0 l\u2019\u00e9poque de mon arriv\u00e9e sur les lieux, une vue a\u00e9rienne montre bien la posture d\u2019arr\u00eat du lieu face \u00e0 la plaine (voir illustration, source IGN), avec des rues comme des jet\u00e9es, des rues qui aboutissaient mais ne d\u00e9bouchaient nulle part. (L\u2019on ne peut pas me voir sur la photo mais j\u2019\u00e9tais l\u00e0.) Un espace, comme tout espace, sous une influence temporelle qui peut \u00eatre celle d\u2019une narration. Au lieu d\u2019un front de mer un front de plaine, une mer de terre, oc\u00e9an de bl\u00e9s dans le flux. En plaine la seule cime est <i>cime-ti\u00e8re<\/i>, et le cimeti\u00e8re \u00e9tait au bord de la grande route et sur ses trois autres c\u00f4t\u00e9s \u00e9treint par les bl\u00e9s. <i>Cime-tiers<\/i>\u00a0: moi, l\u2019endroit et l\u2019envers. Tout proche le cimeti\u00e8re dans son \u00e9cart, \u00e0 une rue seulement de la maison. On le voit nettement comme une enclave sur la photographie a\u00e9rienne. Sortil\u00e8ge des espaces. Espace en sort cel\u00e9 dans les mots. En jouant avec la molette de la souris d\u2019ordinateur je peux aujourd\u2019hui zoomer ou d\u00e9zoomer sur la vue et alors parfois des ensembles de rues dessinent comme des toiles d\u2019araign\u00e9es. Et bien que je sois parti depuis longtemps, des cris de la cour, je-il, reste, de moi, l\u00e0 bas, en taire, de moi, tel un sot caveau. Eux, les noms, que font-ils de nous dans le temps et l\u2019espace\u00a0?<\/p>\n<p style=\"text-align: right;\"><strong><a href=\"https:\/\/prospectivedulivre.blogspot.com\" target=\"_blank\" rel=\"noopener noreferrer\">Lorenzo Soccavo<\/a><br \/>\nChercheur en prospective et en mythanalyse de la lecture<br \/>\nInstitut Charles Cros<\/strong><\/p>\n","protected":false},"excerpt":{"rendered":"<p>Dis-toi que nous n\u2019en finissons pas de na\u00eetre Mais que les morts, eux, ont fini de mourir. Louis-Ren\u00e9 des For\u00eats,<\/p>\n","protected":false},"author":15,"featured_media":1143,"comment_status":"open","ping_status":"open","sticky":false,"template":"","format":"standard","meta":{"colormag_page_container_layout":"default_layout","colormag_page_sidebar_layout":"default_layout","_jetpack_newsletter_access":"","_jetpack_dont_email_post_to_subs":false,"_jetpack_newsletter_tier_id":0,"_jetpack_memberships_contains_paywalled_content":false,"_jetpack_memberships_contains_paid_content":false,"footnotes":""},"categories":[349],"tags":[325,324,323,76,356,379,378,196,377,376],"class_list":["post-1142","post","type-post","status-publish","format-standard","has-post-thumbnail","hentry","category-lire-et-de-lire","tag-analyse","tag-langage","tag-langue","tag-litterature","tag-lorenzo-soccavo","tag-loui-srene-des-forets","tag-memoires","tag-proust","tag-souvenirs","tag-temps"],"yoast_head":"<!-- This site is optimized with the Yoast SEO plugin v28.3 - https:\/\/yoast.com\/product\/yoast-seo-wordpress\/ -->\n<title>La lecture est une question d\u2019espace<\/title>\n<meta name=\"description\" content=\"Dis-toi que nous n\u2019en finissons pas de na\u00eetre Mais que les morts, eux, ont fini de mourir. Louis-Ren\u00e9 des For\u00eats, Po\u00e8mes de Samuel Wood Avoir un nom de\" \/>\n<meta name=\"robots\" content=\"index, follow, max-snippet:-1, max-image-preview:large, max-video-preview:-1\" \/>\n<link rel=\"canonical\" href=\"https:\/\/bozon2x.be\/blog\/la-lecture-est-une-question-despace\/\" \/>\n<meta property=\"og:locale\" content=\"fr_FR\" \/>\n<meta property=\"og:type\" content=\"article\" \/>\n<meta property=\"og:title\" content=\"La lecture est une question d\u2019espace\" \/>\n<meta property=\"og:description\" content=\"Dis-toi que nous n\u2019en finissons pas de na\u00eetre Mais que les morts, eux, ont fini de mourir. Louis-Ren\u00e9 des For\u00eats, Po\u00e8mes de Samuel Wood Avoir un nom de\" \/>\n<meta property=\"og:url\" content=\"https:\/\/bozon2x.be\/blog\/la-lecture-est-une-question-despace\/\" \/>\n<meta property=\"og:site_name\" content=\"BOZON2X EDITIONS\" \/>\n<meta property=\"article:publisher\" content=\"https:\/\/www.facebook.com\/pages\/Bozon2x-%c3%a9ditions\/1507815722823608?ref=hl\" \/>\n<meta property=\"article:published_time\" content=\"2020-11-03T13:55:46+00:00\" \/>\n<meta property=\"article:modified_time\" content=\"2020-11-03T13:55:53+00:00\" \/>\n<meta property=\"og:image\" content=\"https:\/\/bozon2x.be\/blog\/wp-content\/uploads\/2020\/11\/Illustration_Lecture_question-d-espace_Lorenzo-Soccavo.jpg\" \/>\n\t<meta property=\"og:image:width\" content=\"1465\" \/>\n\t<meta property=\"og:image:height\" content=\"1020\" \/>\n\t<meta property=\"og:image:type\" content=\"image\/jpeg\" \/>\n<meta name=\"author\" content=\"Lorenzo Soccavo\" \/>\n<meta name=\"twitter:card\" content=\"summary_large_image\" \/>\n<meta name=\"twitter:creator\" content=\"@Bozon2xBozon\" \/>\n<meta name=\"twitter:site\" content=\"@Bozon2xBozon\" \/>\n<meta name=\"twitter:label1\" content=\"\u00c9crit par\" \/>\n\t<meta name=\"twitter:data1\" content=\"Lorenzo Soccavo\" \/>\n\t<meta name=\"twitter:label2\" content=\"Dur\u00e9e de lecture estim\u00e9e\" \/>\n\t<meta name=\"twitter:data2\" content=\"6 minutes\" \/>\n<script type=\"application\/ld+json\" class=\"yoast-schema-graph\">{\"@context\":\"https:\\\/\\\/schema.org\",\"@graph\":[{\"@type\":\"Article\",\"@id\":\"https:\\\/\\\/bozon2x.be\\\/blog\\\/la-lecture-est-une-question-despace\\\/#article\",\"isPartOf\":{\"@id\":\"https:\\\/\\\/bozon2x.be\\\/blog\\\/la-lecture-est-une-question-despace\\\/\"},\"author\":{\"name\":\"Lorenzo Soccavo\",\"@id\":\"https:\\\/\\\/bozon2x.be\\\/blog\\\/#\\\/schema\\\/person\\\/c46b0577d53137e54cca20229d8fd003\"},\"headline\":\"La lecture est une question d\u2019espace\",\"datePublished\":\"2020-11-03T13:55:46+00:00\",\"dateModified\":\"2020-11-03T13:55:53+00:00\",\"mainEntityOfPage\":{\"@id\":\"https:\\\/\\\/bozon2x.be\\\/blog\\\/la-lecture-est-une-question-despace\\\/\"},\"wordCount\":1235,\"commentCount\":8,\"image\":{\"@id\":\"https:\\\/\\\/bozon2x.be\\\/blog\\\/la-lecture-est-une-question-despace\\\/#primaryimage\"},\"thumbnailUrl\":\"https:\\\/\\\/i0.wp.com\\\/bozon2x.be\\\/blog\\\/wp-content\\\/uploads\\\/2020\\\/11\\\/Illustration_Lecture_question-d-espace_Lorenzo-Soccavo.jpg?fit=1465%2C1020&ssl=1\",\"keywords\":[\"analyse\",\"langage\",\"langue\",\"litt\u00e9rature\",\"Lorenzo Soccavo\",\"Loui-sRen\u00e9 des For\u00eats\",\"memoires\",\"Proust\",\"souvenirs\",\"temps\"],\"articleSection\":[\"Lire et D\u00e9-lire\"],\"inLanguage\":\"fr-FR\",\"potentialAction\":[{\"@type\":\"CommentAction\",\"name\":\"Comment\",\"target\":[\"https:\\\/\\\/bozon2x.be\\\/blog\\\/la-lecture-est-une-question-despace\\\/#respond\"]}]},{\"@type\":\"WebPage\",\"@id\":\"https:\\\/\\\/bozon2x.be\\\/blog\\\/la-lecture-est-une-question-despace\\\/\",\"url\":\"https:\\\/\\\/bozon2x.be\\\/blog\\\/la-lecture-est-une-question-despace\\\/\",\"name\":\"La lecture est une question d\u2019espace\",\"isPartOf\":{\"@id\":\"https:\\\/\\\/bozon2x.be\\\/blog\\\/#website\"},\"primaryImageOfPage\":{\"@id\":\"https:\\\/\\\/bozon2x.be\\\/blog\\\/la-lecture-est-une-question-despace\\\/#primaryimage\"},\"image\":{\"@id\":\"https:\\\/\\\/bozon2x.be\\\/blog\\\/la-lecture-est-une-question-despace\\\/#primaryimage\"},\"thumbnailUrl\":\"https:\\\/\\\/i0.wp.com\\\/bozon2x.be\\\/blog\\\/wp-content\\\/uploads\\\/2020\\\/11\\\/Illustration_Lecture_question-d-espace_Lorenzo-Soccavo.jpg?fit=1465%2C1020&ssl=1\",\"datePublished\":\"2020-11-03T13:55:46+00:00\",\"dateModified\":\"2020-11-03T13:55:53+00:00\",\"author\":{\"@id\":\"https:\\\/\\\/bozon2x.be\\\/blog\\\/#\\\/schema\\\/person\\\/c46b0577d53137e54cca20229d8fd003\"},\"description\":\"Dis-toi que nous n\u2019en finissons pas de na\u00eetre Mais que les morts, eux, ont fini de mourir. Louis-Ren\u00e9 des For\u00eats, Po\u00e8mes de Samuel Wood Avoir un nom de\",\"breadcrumb\":{\"@id\":\"https:\\\/\\\/bozon2x.be\\\/blog\\\/la-lecture-est-une-question-despace\\\/#breadcrumb\"},\"inLanguage\":\"fr-FR\",\"potentialAction\":[{\"@type\":\"ReadAction\",\"target\":[\"https:\\\/\\\/bozon2x.be\\\/blog\\\/la-lecture-est-une-question-despace\\\/\"]}]},{\"@type\":\"ImageObject\",\"inLanguage\":\"fr-FR\",\"@id\":\"https:\\\/\\\/bozon2x.be\\\/blog\\\/la-lecture-est-une-question-despace\\\/#primaryimage\",\"url\":\"https:\\\/\\\/i0.wp.com\\\/bozon2x.be\\\/blog\\\/wp-content\\\/uploads\\\/2020\\\/11\\\/Illustration_Lecture_question-d-espace_Lorenzo-Soccavo.jpg?fit=1465%2C1020&ssl=1\",\"contentUrl\":\"https:\\\/\\\/i0.wp.com\\\/bozon2x.be\\\/blog\\\/wp-content\\\/uploads\\\/2020\\\/11\\\/Illustration_Lecture_question-d-espace_Lorenzo-Soccavo.jpg?fit=1465%2C1020&ssl=1\",\"width\":1465,\"height\":1020},{\"@type\":\"BreadcrumbList\",\"@id\":\"https:\\\/\\\/bozon2x.be\\\/blog\\\/la-lecture-est-une-question-despace\\\/#breadcrumb\",\"itemListElement\":[{\"@type\":\"ListItem\",\"position\":1,\"name\":\"Accueil\",\"item\":\"https:\\\/\\\/bozon2x.be\\\/blog\\\/\"},{\"@type\":\"ListItem\",\"position\":2,\"name\":\"La lecture est une question d\u2019espace\"}]},{\"@type\":\"WebSite\",\"@id\":\"https:\\\/\\\/bozon2x.be\\\/blog\\\/#website\",\"url\":\"https:\\\/\\\/bozon2x.be\\\/blog\\\/\",\"name\":\"BOZON2X EDITIONS\",\"description\":\"Acc\u00e9l\u00e9rateur de particules neuronales\",\"potentialAction\":[{\"@type\":\"SearchAction\",\"target\":{\"@type\":\"EntryPoint\",\"urlTemplate\":\"https:\\\/\\\/bozon2x.be\\\/blog\\\/?s={search_term_string}\"},\"query-input\":{\"@type\":\"PropertyValueSpecification\",\"valueRequired\":true,\"valueName\":\"search_term_string\"}}],\"inLanguage\":\"fr-FR\"},{\"@type\":\"Person\",\"@id\":\"https:\\\/\\\/bozon2x.be\\\/blog\\\/#\\\/schema\\\/person\\\/c46b0577d53137e54cca20229d8fd003\",\"name\":\"Lorenzo Soccavo\",\"image\":{\"@type\":\"ImageObject\",\"inLanguage\":\"fr-FR\",\"@id\":\"https:\\\/\\\/secure.gravatar.com\\\/avatar\\\/64558a12d418c5972f683eced03df2322e9ead36aaa7f0f5fe3b45c79404c0f3?s=96&d=mm&r=g\",\"url\":\"https:\\\/\\\/secure.gravatar.com\\\/avatar\\\/64558a12d418c5972f683eced03df2322e9ead36aaa7f0f5fe3b45c79404c0f3?s=96&d=mm&r=g\",\"contentUrl\":\"https:\\\/\\\/secure.gravatar.com\\\/avatar\\\/64558a12d418c5972f683eced03df2322e9ead36aaa7f0f5fe3b45c79404c0f3?s=96&d=mm&r=g\",\"caption\":\"Lorenzo Soccavo\"},\"url\":\"https:\\\/\\\/bozon2x.be\\\/blog\\\/author\\\/lorenzo_soccavo\\\/\"}]}<\/script>\n<!-- \/ Yoast SEO plugin. -->","yoast_head_json":{"title":"La lecture est une question d\u2019espace","description":"Dis-toi que nous n\u2019en finissons pas de na\u00eetre Mais que les morts, eux, ont fini de mourir. Louis-Ren\u00e9 des For\u00eats, Po\u00e8mes de Samuel Wood Avoir un nom de","robots":{"index":"index","follow":"follow","max-snippet":"max-snippet:-1","max-image-preview":"max-image-preview:large","max-video-preview":"max-video-preview:-1"},"canonical":"https:\/\/bozon2x.be\/blog\/la-lecture-est-une-question-despace\/","og_locale":"fr_FR","og_type":"article","og_title":"La lecture est une question d\u2019espace","og_description":"Dis-toi que nous n\u2019en finissons pas de na\u00eetre Mais que les morts, eux, ont fini de mourir. Louis-Ren\u00e9 des For\u00eats, Po\u00e8mes de Samuel Wood Avoir un nom de","og_url":"https:\/\/bozon2x.be\/blog\/la-lecture-est-une-question-despace\/","og_site_name":"BOZON2X EDITIONS","article_publisher":"https:\/\/www.facebook.com\/pages\/Bozon2x-%c3%a9ditions\/1507815722823608?ref=hl","article_published_time":"2020-11-03T13:55:46+00:00","article_modified_time":"2020-11-03T13:55:53+00:00","og_image":[{"width":1465,"height":1020,"url":"https:\/\/bozon2x.be\/blog\/wp-content\/uploads\/2020\/11\/Illustration_Lecture_question-d-espace_Lorenzo-Soccavo.jpg","type":"image\/jpeg"}],"author":"Lorenzo Soccavo","twitter_card":"summary_large_image","twitter_creator":"@Bozon2xBozon","twitter_site":"@Bozon2xBozon","twitter_misc":{"\u00c9crit par":"Lorenzo Soccavo","Dur\u00e9e de lecture estim\u00e9e":"6 minutes"},"schema":{"@context":"https:\/\/schema.org","@graph":[{"@type":"Article","@id":"https:\/\/bozon2x.be\/blog\/la-lecture-est-une-question-despace\/#article","isPartOf":{"@id":"https:\/\/bozon2x.be\/blog\/la-lecture-est-une-question-despace\/"},"author":{"name":"Lorenzo Soccavo","@id":"https:\/\/bozon2x.be\/blog\/#\/schema\/person\/c46b0577d53137e54cca20229d8fd003"},"headline":"La lecture est une question d\u2019espace","datePublished":"2020-11-03T13:55:46+00:00","dateModified":"2020-11-03T13:55:53+00:00","mainEntityOfPage":{"@id":"https:\/\/bozon2x.be\/blog\/la-lecture-est-une-question-despace\/"},"wordCount":1235,"commentCount":8,"image":{"@id":"https:\/\/bozon2x.be\/blog\/la-lecture-est-une-question-despace\/#primaryimage"},"thumbnailUrl":"https:\/\/i0.wp.com\/bozon2x.be\/blog\/wp-content\/uploads\/2020\/11\/Illustration_Lecture_question-d-espace_Lorenzo-Soccavo.jpg?fit=1465%2C1020&ssl=1","keywords":["analyse","langage","langue","litt\u00e9rature","Lorenzo Soccavo","Loui-sRen\u00e9 des For\u00eats","memoires","Proust","souvenirs","temps"],"articleSection":["Lire et D\u00e9-lire"],"inLanguage":"fr-FR","potentialAction":[{"@type":"CommentAction","name":"Comment","target":["https:\/\/bozon2x.be\/blog\/la-lecture-est-une-question-despace\/#respond"]}]},{"@type":"WebPage","@id":"https:\/\/bozon2x.be\/blog\/la-lecture-est-une-question-despace\/","url":"https:\/\/bozon2x.be\/blog\/la-lecture-est-une-question-despace\/","name":"La lecture est une question d\u2019espace","isPartOf":{"@id":"https:\/\/bozon2x.be\/blog\/#website"},"primaryImageOfPage":{"@id":"https:\/\/bozon2x.be\/blog\/la-lecture-est-une-question-despace\/#primaryimage"},"image":{"@id":"https:\/\/bozon2x.be\/blog\/la-lecture-est-une-question-despace\/#primaryimage"},"thumbnailUrl":"https:\/\/i0.wp.com\/bozon2x.be\/blog\/wp-content\/uploads\/2020\/11\/Illustration_Lecture_question-d-espace_Lorenzo-Soccavo.jpg?fit=1465%2C1020&ssl=1","datePublished":"2020-11-03T13:55:46+00:00","dateModified":"2020-11-03T13:55:53+00:00","author":{"@id":"https:\/\/bozon2x.be\/blog\/#\/schema\/person\/c46b0577d53137e54cca20229d8fd003"},"description":"Dis-toi que nous n\u2019en finissons pas de na\u00eetre Mais que les morts, eux, ont fini de mourir. Louis-Ren\u00e9 des For\u00eats, Po\u00e8mes de Samuel Wood Avoir un nom de","breadcrumb":{"@id":"https:\/\/bozon2x.be\/blog\/la-lecture-est-une-question-despace\/#breadcrumb"},"inLanguage":"fr-FR","potentialAction":[{"@type":"ReadAction","target":["https:\/\/bozon2x.be\/blog\/la-lecture-est-une-question-despace\/"]}]},{"@type":"ImageObject","inLanguage":"fr-FR","@id":"https:\/\/bozon2x.be\/blog\/la-lecture-est-une-question-despace\/#primaryimage","url":"https:\/\/i0.wp.com\/bozon2x.be\/blog\/wp-content\/uploads\/2020\/11\/Illustration_Lecture_question-d-espace_Lorenzo-Soccavo.jpg?fit=1465%2C1020&ssl=1","contentUrl":"https:\/\/i0.wp.com\/bozon2x.be\/blog\/wp-content\/uploads\/2020\/11\/Illustration_Lecture_question-d-espace_Lorenzo-Soccavo.jpg?fit=1465%2C1020&ssl=1","width":1465,"height":1020},{"@type":"BreadcrumbList","@id":"https:\/\/bozon2x.be\/blog\/la-lecture-est-une-question-despace\/#breadcrumb","itemListElement":[{"@type":"ListItem","position":1,"name":"Accueil","item":"https:\/\/bozon2x.be\/blog\/"},{"@type":"ListItem","position":2,"name":"La lecture est une question d\u2019espace"}]},{"@type":"WebSite","@id":"https:\/\/bozon2x.be\/blog\/#website","url":"https:\/\/bozon2x.be\/blog\/","name":"BOZON2X EDITIONS","description":"Acc\u00e9l\u00e9rateur de particules neuronales","potentialAction":[{"@type":"SearchAction","target":{"@type":"EntryPoint","urlTemplate":"https:\/\/bozon2x.be\/blog\/?s={search_term_string}"},"query-input":{"@type":"PropertyValueSpecification","valueRequired":true,"valueName":"search_term_string"}}],"inLanguage":"fr-FR"},{"@type":"Person","@id":"https:\/\/bozon2x.be\/blog\/#\/schema\/person\/c46b0577d53137e54cca20229d8fd003","name":"Lorenzo Soccavo","image":{"@type":"ImageObject","inLanguage":"fr-FR","@id":"https:\/\/secure.gravatar.com\/avatar\/64558a12d418c5972f683eced03df2322e9ead36aaa7f0f5fe3b45c79404c0f3?s=96&d=mm&r=g","url":"https:\/\/secure.gravatar.com\/avatar\/64558a12d418c5972f683eced03df2322e9ead36aaa7f0f5fe3b45c79404c0f3?s=96&d=mm&r=g","contentUrl":"https:\/\/secure.gravatar.com\/avatar\/64558a12d418c5972f683eced03df2322e9ead36aaa7f0f5fe3b45c79404c0f3?s=96&d=mm&r=g","caption":"Lorenzo Soccavo"},"url":"https:\/\/bozon2x.be\/blog\/author\/lorenzo_soccavo\/"}]}},"jetpack_sharing_enabled":true,"jetpack_shortlink":"https:\/\/wp.me\/p5k2Xt-iq","jetpack-related-posts":[],"jetpack_featured_media_url":"https:\/\/i0.wp.com\/bozon2x.be\/blog\/wp-content\/uploads\/2020\/11\/Illustration_Lecture_question-d-espace_Lorenzo-Soccavo.jpg?fit=1465%2C1020&ssl=1","_links":{"self":[{"href":"https:\/\/bozon2x.be\/blog\/wp-json\/wp\/v2\/posts\/1142","targetHints":{"allow":["GET"]}}],"collection":[{"href":"https:\/\/bozon2x.be\/blog\/wp-json\/wp\/v2\/posts"}],"about":[{"href":"https:\/\/bozon2x.be\/blog\/wp-json\/wp\/v2\/types\/post"}],"author":[{"embeddable":true,"href":"https:\/\/bozon2x.be\/blog\/wp-json\/wp\/v2\/users\/15"}],"replies":[{"embeddable":true,"href":"https:\/\/bozon2x.be\/blog\/wp-json\/wp\/v2\/comments?post=1142"}],"version-history":[{"count":4,"href":"https:\/\/bozon2x.be\/blog\/wp-json\/wp\/v2\/posts\/1142\/revisions"}],"predecessor-version":[{"id":1148,"href":"https:\/\/bozon2x.be\/blog\/wp-json\/wp\/v2\/posts\/1142\/revisions\/1148"}],"wp:featuredmedia":[{"embeddable":true,"href":"https:\/\/bozon2x.be\/blog\/wp-json\/wp\/v2\/media\/1143"}],"wp:attachment":[{"href":"https:\/\/bozon2x.be\/blog\/wp-json\/wp\/v2\/media?parent=1142"}],"wp:term":[{"taxonomy":"category","embeddable":true,"href":"https:\/\/bozon2x.be\/blog\/wp-json\/wp\/v2\/categories?post=1142"},{"taxonomy":"post_tag","embeddable":true,"href":"https:\/\/bozon2x.be\/blog\/wp-json\/wp\/v2\/tags?post=1142"}],"curies":[{"name":"wp","href":"https:\/\/api.w.org\/{rel}","templated":true}]}}