{"id":1049,"date":"2020-04-29T15:38:59","date_gmt":"2020-04-29T13:38:59","guid":{"rendered":"http:\/\/bozon2x.be\/blog\/?p=1049"},"modified":"2020-04-29T15:52:36","modified_gmt":"2020-04-29T13:52:36","slug":"une-realite-devenue-hors-sol","status":"publish","type":"post","link":"https:\/\/bozon2x.be\/blog\/une-realite-devenue-hors-sol\/","title":{"rendered":"Une r\u00e9alit\u00e9 devenue hors-sol"},"content":{"rendered":"<p><b><a href=\"https:\/\/i0.wp.com\/bozon2x.be\/blog\/wp-content\/uploads\/2020\/04\/Hors-sol.jpg?ssl=1\"><img data-recalc-dims=\"1\" loading=\"lazy\" decoding=\"async\" data-attachment-id=\"1050\" data-permalink=\"https:\/\/bozon2x.be\/blog\/une-realite-devenue-hors-sol\/hors-sol\/\" data-orig-file=\"https:\/\/i0.wp.com\/bozon2x.be\/blog\/wp-content\/uploads\/2020\/04\/Hors-sol.jpg?fit=572%2C800&amp;ssl=1\" data-orig-size=\"572,800\" data-comments-opened=\"1\" data-image-meta=\"{&quot;aperture&quot;:&quot;0&quot;,&quot;credit&quot;:&quot;&quot;,&quot;camera&quot;:&quot;&quot;,&quot;caption&quot;:&quot;&quot;,&quot;created_timestamp&quot;:&quot;0&quot;,&quot;copyright&quot;:&quot;&quot;,&quot;focal_length&quot;:&quot;0&quot;,&quot;iso&quot;:&quot;0&quot;,&quot;shutter_speed&quot;:&quot;0&quot;,&quot;title&quot;:&quot;&quot;,&quot;orientation&quot;:&quot;0&quot;}\" data-image-title=\"Hors-sol\" data-image-description=\"\" data-image-caption=\"\" data-large-file=\"https:\/\/i0.wp.com\/bozon2x.be\/blog\/wp-content\/uploads\/2020\/04\/Hors-sol.jpg?fit=572%2C800&amp;ssl=1\" class=\"alignright wp-image-1050\" src=\"https:\/\/i0.wp.com\/bozon2x.be\/blog\/wp-content\/uploads\/2020\/04\/Hors-sol.jpg?resize=400%2C559&#038;ssl=1\" alt=\"\" width=\"400\" height=\"559\" srcset=\"https:\/\/i0.wp.com\/bozon2x.be\/blog\/wp-content\/uploads\/2020\/04\/Hors-sol.jpg?w=572&amp;ssl=1 572w, https:\/\/i0.wp.com\/bozon2x.be\/blog\/wp-content\/uploads\/2020\/04\/Hors-sol.jpg?resize=215%2C300&amp;ssl=1 215w\" sizes=\"auto, (max-width: 400px) 100vw, 400px\" \/><\/a>Pand\u00e9mie et confinement engendrent un retour sur soi qui peut entra\u00eener une relecture de notre existence et de la mani\u00e8re dont \u00e0 l\u2019ordinaire nous la fabulons.<\/b><\/p>\n<p>Ce serait b\u00eate et m\u00e9chant, ce serait faire montre d\u2019un mauvais esprit que d\u2019\u00eatre critique vis-\u00e0-vis du t\u00e9moignage, simple et touchant, que la romanci\u00e8re Nancy Huston a confi\u00e9 r\u00e9cemment \u00e0 la collection <i>Tracts de crise<\/i> des \u00e9ditions Gallimard (6 avril 2020, N\u00b034), titr\u00e9 <a href=\"https:\/\/tracts.gallimard.fr\/fr\/products\/tracts-de-crise-n-34-hors-sol\"><i>Hors-sol<\/i><\/a> et t\u00e9l\u00e9chargeable gratuitement durant la p\u00e9riode de confinement.<\/p>\n<p>Mon propos est ailleurs. En fait, l\u2019ampleur de ma surprise \u00e0 la lecture de ce court texte, car il s\u2019agit bien pour moi de cela, de l\u2019incompr\u00e9hension qui m\u2019a saisi \u00e0 la lecture de ce texte, vient bien plus de moi que de son auteur.<\/p>\n<p><b>Une fabulation hors-sol aussi<\/b><\/p>\n<p>Je r\u00e9alise que mon horizon d\u2019attente de lecteur a \u00e9t\u00e9 compl\u00e8tement d\u00e9boussol\u00e9 par un total effet de surprise, tant mes exp\u00e9riences de lecture \u00e9taient depuis une douzaine d\u2019ann\u00e9es influenc\u00e9es par son essai de 2008&nbsp;: <i>L\u2019esp\u00e8ce fabulatrice<\/i> (Actes Sud).<\/p>\n<p>Dans cet ouvrage Nancy Huston d\u00e9montrait implacablement et impeccablement comment notre esp\u00e8ce animale est parvenue \u00e0 acqu\u00e9rir et \u00e0 pr\u00e9server une certaine ma\u00eetrise sur le monde en fabulant, en mettant le r\u00e9el en r\u00e9cit, autrement dit&nbsp;: en se racontant des histoires, en fictionnalisant la r\u00e9alit\u00e9.<\/p>\n<p>Alors aujourd\u2019hui, m\u00eame si son r\u00e9cit de soi, la conjoncture et l\u2019assignation g\u00e9ographique justifient amplement le malaise qu\u2019elle d\u00e9crit, comment Nancy Huston n\u2019a-t-elle pas reconnu, dans cette impression de se sentir soudainement hors-sol, un effet secondaire du sentiment d\u2019irr\u00e9alit\u00e9 qui peut parfois se glisser dans\u2026 la r\u00e9alit\u00e9&nbsp;?<\/p>\n<p>Les terres de fiction sont fonci\u00e8rement hors-sol. Ce sont des terres d\u00e9territorialis\u00e9es.<\/p>\n<p>Cette pand\u00e9mie du printemps 2020 pourrait \u00eatre une occasion de r\u00e9aliser que la lecture de romans est un moyen plut\u00f4t fiable pour appr\u00e9hender les fictions sur lesquelles sont fond\u00e9es et sur lesquelles se d\u00e9veloppent nos soci\u00e9t\u00e9s. Certes, cette prise de conscience n\u2019est pas sans risques. Il se peut que pour certain\u00b7e\u00b7s la ligne de partage entre fictions et r\u00e9alit\u00e9s \u2013&nbsp;je les mets toutes deux au pluriel&nbsp;\u2013 tombe alors, comme en 1989 le Mur de Berlin. Et l\u2019on peut en effet avoir soudain le sentiment d\u2019\u00eatre hors-sol, mais la lecture de <i>L\u2019esp\u00e8ce fabulatrice<\/i> peut alors je crois nous raccrocher \u00e0 l\u2019\u00e9trange tessiture du r\u00e9el.<\/p>\n<p><b>La France de 1940<\/b><\/p>\n<p>Ici, Nancy, les rues sont d\u00e9sertes en plein midi, en plein soleil, en plein Paris. Ces photos qui se multiplient sur ce que nous appelons \u00ab\u00a0les r\u00e9seaux sociaux\u00a0\u00bb, ces photos que vous avez probablement vues vous aussi depuis Berne, ont ramen\u00e9 \u00e0 ma m\u00e9moire une courte phrase \u00e0 point virgule de Jean-Paul Sartre dans <i>La mort dans l\u2019\u00e2me<\/i>, le troisi\u00e8me roman du cycle des <i>Chemins de la libert\u00e9<\/i>&nbsp;: \u00ab&nbsp;<i>Personne sur le boulevard Saint Germain&nbsp;; rue Danton personne.&nbsp;<\/i>\u00bb. Et son narrateur de poursuivre&nbsp;:<i> <\/i>\u00ab<i>&nbsp;Les rideaux de fer n\u2019\u00e9taient m\u00eame pas baiss\u00e9s, les vitrines \u00e9tincelaient&nbsp;: simplement, ils avaient \u00f4t\u00e9 le loquet de la porte en s\u2019en allant. C\u2019\u00e9tait dimanche. Depuis trois jours c\u2019\u00e9tait dimanche\u2026<\/i>&nbsp;\u00bb.<\/p>\n<p>\u00c9trange comme cette phrase des ann\u00e9es quarante entre en r\u00e9sonance avec ces vues de 2020 captur\u00e9es par des smartphones. Cela fait maintenant plusieurs semaines que c\u2019est dimanche et l\u2019ennemi invisible. La limite o\u00f9 est-elle&nbsp;?<\/p>\n<p>\u00ab&nbsp;<i>Quand les limites s&rsquo;effacent, entre le r\u00e9el et l&rsquo;irr\u00e9el et qu&rsquo;on peut passer librement de l&rsquo;un dans l&rsquo;autre, le premier sentiment qu&rsquo;on \u00e9prouve, contrairement \u00e0 ce qu&rsquo;on croit, est le sentiment que la prison s&rsquo;est r\u00e9tr\u00e9cie.&nbsp;<\/i>\u00bb, \u00e9crit Jean Giono dans <i>Le hussard sur le toit<\/i>, un roman dont la lecture s\u2019impose aujourd\u2019hui tout autant que celle de <i>La peste<\/i> de Camus.<\/p>\n<p><b>La r\u00e9alit\u00e9 comme un miroir bris\u00e9<\/b><\/p>\n<p>Comme il y a des effets de r\u00e9el dans la fiction, force nous est de reconna\u00eetre des effets de fiction dans le r\u00e9el. La r\u00e9alit\u00e9 d\u00e9passe la fiction en ce sens peut-\u00eatre que cette derni\u00e8re jouerait comme une production d\u2019anticorps pour nous permettre d\u2019encaisser le coup de ce que ses effets de r\u00e9el nous imposent soudain d\u2019impr\u00e9visible et d\u2019incompr\u00e9hensible.<\/p>\n<p>C\u2019est comme si le miroir de la r\u00e9alit\u00e9 soudain \u00e9tait bris\u00e9. Lorsqu\u2019un miroir est bris\u00e9 chaque \u00e9clat s\u2019ent\u00eate \u00e0 refl\u00e9ter le monde \u00e0 son \u00e9chelle. Cela, qui en apparence ne fait pas puzzle, nous d\u00e9route. L\u2019image, la magie (les termes sont l\u2019un de l\u2019autre les anagrammes) sont bris\u00e9es, ou bien peut-\u00eatre au contraire op\u00e8rent-elles pleinement pour celles et ceux qui peuvent prendre conscience qu\u2019il ne s\u2019agit pas d\u2019\u00eatre d\u2019un c\u00f4t\u00e9 ou de l\u2019autre du miroir, qu\u2019il ne s\u2019agit pas de traverser le miroir, mais d\u2019acc\u00e9der \u00e0 l\u2019intelligibilit\u00e9 de ce que nous-m\u00eames refl\u00e9tons.<\/p>\n<p>Nous sommes miroirs. Et il nous faut, dans cette p\u00e9riode que nous traversons comme si elle \u00e9tait, elle aussi, un miroir, relire <i>L\u2019esp\u00e8ce fabulatrice<\/i>. Ne pas pas trop r\u00e9fl\u00e9chir. Faire l\u2019effort de penser&nbsp;; de panser.<\/p>\n<p style=\"text-align: left;\"><strong><a href=\"https:\/\/prospectivedulivre.blogspot.com\" target=\"_blank\" rel=\"noopener noreferrer\">Lorenzo Soccavo<\/a><br \/>\n<\/strong>Chercheur en prospective et en mythanalyse de la lecture<br \/>\nInstitut Charles Cros<\/p>\n","protected":false},"excerpt":{"rendered":"<p>Pand\u00e9mie et confinement engendrent un retour sur soi qui peut entra\u00eener une relecture de notre existence et de la mani\u00e8re<\/p>\n","protected":false},"author":15,"featured_media":1050,"comment_status":"open","ping_status":"open","sticky":false,"template":"","format":"standard","meta":{"colormag_page_container_layout":"default_layout","colormag_page_sidebar_layout":"default_layout","_jetpack_newsletter_access":"","_jetpack_dont_email_post_to_subs":false,"_jetpack_newsletter_tier_id":0,"_jetpack_memberships_contains_paywalled_content":false,"_jetpack_memberships_contains_paid_content":false,"footnotes":""},"categories":[349],"tags":[353,352,45,228,355,354,76,356,272,350,351,58],"class_list":["post-1049","post","type-post","status-publish","format-standard","has-post-thumbnail","hentry","category-lire-et-de-lire","tag-camus","tag-confinement","tag-crise","tag-gallimard","tag-jean-giono","tag-la-peste","tag-litterature","tag-lorenzo-soccavo","tag-metafiction","tag-nancy-huston","tag-pandemie","tag-sartre"],"yoast_head":"<!-- This site is optimized with the Yoast SEO plugin v28.3 - https:\/\/yoast.com\/product\/yoast-seo-wordpress\/ -->\n<title>Une r\u00e9alit\u00e9 devenue hors-sol<\/title>\n<meta name=\"description\" content=\"Pand\u00e9mie et confinement engendrent un retour sur soi qui peut entra\u00eener une relecture de notre existence et de la mani\u00e8re dont \u00e0 l\u2019ordinaire nous la\" \/>\n<meta name=\"robots\" content=\"index, follow, max-snippet:-1, max-image-preview:large, max-video-preview:-1\" \/>\n<link rel=\"canonical\" href=\"https:\/\/bozon2x.be\/blog\/une-realite-devenue-hors-sol\/\" \/>\n<meta property=\"og:locale\" content=\"fr_FR\" \/>\n<meta property=\"og:type\" content=\"article\" \/>\n<meta property=\"og:title\" content=\"Une r\u00e9alit\u00e9 devenue hors-sol\" \/>\n<meta property=\"og:description\" content=\"Pand\u00e9mie et confinement engendrent un retour sur soi qui peut entra\u00eener une relecture de notre existence et de la mani\u00e8re dont \u00e0 l\u2019ordinaire nous la\" \/>\n<meta property=\"og:url\" content=\"https:\/\/bozon2x.be\/blog\/une-realite-devenue-hors-sol\/\" \/>\n<meta property=\"og:site_name\" content=\"BOZON2X EDITIONS\" \/>\n<meta property=\"article:publisher\" content=\"https:\/\/www.facebook.com\/pages\/Bozon2x-%c3%a9ditions\/1507815722823608?ref=hl\" \/>\n<meta property=\"article:published_time\" content=\"2020-04-29T13:38:59+00:00\" \/>\n<meta property=\"article:modified_time\" content=\"2020-04-29T13:52:36+00:00\" \/>\n<meta property=\"og:image\" content=\"https:\/\/i0.wp.com\/bozon2x.be\/blog\/wp-content\/uploads\/2020\/04\/Hors-sol.jpg?fit=572%2C800&ssl=1\" \/>\n\t<meta property=\"og:image:width\" content=\"572\" \/>\n\t<meta property=\"og:image:height\" content=\"800\" \/>\n\t<meta property=\"og:image:type\" content=\"image\/jpeg\" \/>\n<meta name=\"author\" content=\"Lorenzo Soccavo\" \/>\n<meta name=\"twitter:card\" content=\"summary_large_image\" \/>\n<meta name=\"twitter:creator\" content=\"@Bozon2xBozon\" \/>\n<meta name=\"twitter:site\" content=\"@Bozon2xBozon\" \/>\n<meta name=\"twitter:label1\" content=\"\u00c9crit par\" \/>\n\t<meta name=\"twitter:data1\" content=\"Lorenzo Soccavo\" \/>\n\t<meta name=\"twitter:label2\" content=\"Dur\u00e9e de lecture estim\u00e9e\" \/>\n\t<meta name=\"twitter:data2\" content=\"5 minutes\" \/>\n<script type=\"application\/ld+json\" class=\"yoast-schema-graph\">{\"@context\":\"https:\\\/\\\/schema.org\",\"@graph\":[{\"@type\":\"Article\",\"@id\":\"https:\\\/\\\/bozon2x.be\\\/blog\\\/une-realite-devenue-hors-sol\\\/#article\",\"isPartOf\":{\"@id\":\"https:\\\/\\\/bozon2x.be\\\/blog\\\/une-realite-devenue-hors-sol\\\/\"},\"author\":{\"name\":\"Lorenzo Soccavo\",\"@id\":\"https:\\\/\\\/bozon2x.be\\\/blog\\\/#\\\/schema\\\/person\\\/c46b0577d53137e54cca20229d8fd003\"},\"headline\":\"Une r\u00e9alit\u00e9 devenue hors-sol\",\"datePublished\":\"2020-04-29T13:38:59+00:00\",\"dateModified\":\"2020-04-29T13:52:36+00:00\",\"mainEntityOfPage\":{\"@id\":\"https:\\\/\\\/bozon2x.be\\\/blog\\\/une-realite-devenue-hors-sol\\\/\"},\"wordCount\":931,\"commentCount\":0,\"image\":{\"@id\":\"https:\\\/\\\/bozon2x.be\\\/blog\\\/une-realite-devenue-hors-sol\\\/#primaryimage\"},\"thumbnailUrl\":\"https:\\\/\\\/i0.wp.com\\\/bozon2x.be\\\/blog\\\/wp-content\\\/uploads\\\/2020\\\/04\\\/Hors-sol.jpg?fit=572%2C800&ssl=1\",\"keywords\":[\"Camus\",\"confinement\",\"crise\",\"Gallimard\",\"Jean Giono\",\"la peste\",\"litt\u00e9rature\",\"Lorenzo Soccavo\",\"m\u00e9tafiction\",\"Nancy Huston\",\"pand\u00e9mie\",\"Sartre\"],\"articleSection\":[\"Lire et D\u00e9-lire\"],\"inLanguage\":\"fr-FR\",\"potentialAction\":[{\"@type\":\"CommentAction\",\"name\":\"Comment\",\"target\":[\"https:\\\/\\\/bozon2x.be\\\/blog\\\/une-realite-devenue-hors-sol\\\/#respond\"]}]},{\"@type\":\"WebPage\",\"@id\":\"https:\\\/\\\/bozon2x.be\\\/blog\\\/une-realite-devenue-hors-sol\\\/\",\"url\":\"https:\\\/\\\/bozon2x.be\\\/blog\\\/une-realite-devenue-hors-sol\\\/\",\"name\":\"Une r\u00e9alit\u00e9 devenue hors-sol\",\"isPartOf\":{\"@id\":\"https:\\\/\\\/bozon2x.be\\\/blog\\\/#website\"},\"primaryImageOfPage\":{\"@id\":\"https:\\\/\\\/bozon2x.be\\\/blog\\\/une-realite-devenue-hors-sol\\\/#primaryimage\"},\"image\":{\"@id\":\"https:\\\/\\\/bozon2x.be\\\/blog\\\/une-realite-devenue-hors-sol\\\/#primaryimage\"},\"thumbnailUrl\":\"https:\\\/\\\/i0.wp.com\\\/bozon2x.be\\\/blog\\\/wp-content\\\/uploads\\\/2020\\\/04\\\/Hors-sol.jpg?fit=572%2C800&ssl=1\",\"datePublished\":\"2020-04-29T13:38:59+00:00\",\"dateModified\":\"2020-04-29T13:52:36+00:00\",\"author\":{\"@id\":\"https:\\\/\\\/bozon2x.be\\\/blog\\\/#\\\/schema\\\/person\\\/c46b0577d53137e54cca20229d8fd003\"},\"description\":\"Pand\u00e9mie et confinement engendrent un retour sur soi qui peut entra\u00eener une relecture de notre existence et de la mani\u00e8re dont \u00e0 l\u2019ordinaire nous la\",\"breadcrumb\":{\"@id\":\"https:\\\/\\\/bozon2x.be\\\/blog\\\/une-realite-devenue-hors-sol\\\/#breadcrumb\"},\"inLanguage\":\"fr-FR\",\"potentialAction\":[{\"@type\":\"ReadAction\",\"target\":[\"https:\\\/\\\/bozon2x.be\\\/blog\\\/une-realite-devenue-hors-sol\\\/\"]}]},{\"@type\":\"ImageObject\",\"inLanguage\":\"fr-FR\",\"@id\":\"https:\\\/\\\/bozon2x.be\\\/blog\\\/une-realite-devenue-hors-sol\\\/#primaryimage\",\"url\":\"https:\\\/\\\/i0.wp.com\\\/bozon2x.be\\\/blog\\\/wp-content\\\/uploads\\\/2020\\\/04\\\/Hors-sol.jpg?fit=572%2C800&ssl=1\",\"contentUrl\":\"https:\\\/\\\/i0.wp.com\\\/bozon2x.be\\\/blog\\\/wp-content\\\/uploads\\\/2020\\\/04\\\/Hors-sol.jpg?fit=572%2C800&ssl=1\",\"width\":572,\"height\":800},{\"@type\":\"BreadcrumbList\",\"@id\":\"https:\\\/\\\/bozon2x.be\\\/blog\\\/une-realite-devenue-hors-sol\\\/#breadcrumb\",\"itemListElement\":[{\"@type\":\"ListItem\",\"position\":1,\"name\":\"Accueil\",\"item\":\"https:\\\/\\\/bozon2x.be\\\/blog\\\/\"},{\"@type\":\"ListItem\",\"position\":2,\"name\":\"Une r\u00e9alit\u00e9 devenue hors-sol\"}]},{\"@type\":\"WebSite\",\"@id\":\"https:\\\/\\\/bozon2x.be\\\/blog\\\/#website\",\"url\":\"https:\\\/\\\/bozon2x.be\\\/blog\\\/\",\"name\":\"BOZON2X EDITIONS\",\"description\":\"Acc\u00e9l\u00e9rateur de particules neuronales\",\"potentialAction\":[{\"@type\":\"SearchAction\",\"target\":{\"@type\":\"EntryPoint\",\"urlTemplate\":\"https:\\\/\\\/bozon2x.be\\\/blog\\\/?s={search_term_string}\"},\"query-input\":{\"@type\":\"PropertyValueSpecification\",\"valueRequired\":true,\"valueName\":\"search_term_string\"}}],\"inLanguage\":\"fr-FR\"},{\"@type\":\"Person\",\"@id\":\"https:\\\/\\\/bozon2x.be\\\/blog\\\/#\\\/schema\\\/person\\\/c46b0577d53137e54cca20229d8fd003\",\"name\":\"Lorenzo Soccavo\",\"image\":{\"@type\":\"ImageObject\",\"inLanguage\":\"fr-FR\",\"@id\":\"https:\\\/\\\/secure.gravatar.com\\\/avatar\\\/64558a12d418c5972f683eced03df2322e9ead36aaa7f0f5fe3b45c79404c0f3?s=96&d=mm&r=g\",\"url\":\"https:\\\/\\\/secure.gravatar.com\\\/avatar\\\/64558a12d418c5972f683eced03df2322e9ead36aaa7f0f5fe3b45c79404c0f3?s=96&d=mm&r=g\",\"contentUrl\":\"https:\\\/\\\/secure.gravatar.com\\\/avatar\\\/64558a12d418c5972f683eced03df2322e9ead36aaa7f0f5fe3b45c79404c0f3?s=96&d=mm&r=g\",\"caption\":\"Lorenzo Soccavo\"},\"url\":\"https:\\\/\\\/bozon2x.be\\\/blog\\\/author\\\/lorenzo_soccavo\\\/\"}]}<\/script>\n<!-- \/ Yoast SEO plugin. -->","yoast_head_json":{"title":"Une r\u00e9alit\u00e9 devenue hors-sol","description":"Pand\u00e9mie et confinement engendrent un retour sur soi qui peut entra\u00eener une relecture de notre existence et de la mani\u00e8re dont \u00e0 l\u2019ordinaire nous la","robots":{"index":"index","follow":"follow","max-snippet":"max-snippet:-1","max-image-preview":"max-image-preview:large","max-video-preview":"max-video-preview:-1"},"canonical":"https:\/\/bozon2x.be\/blog\/une-realite-devenue-hors-sol\/","og_locale":"fr_FR","og_type":"article","og_title":"Une r\u00e9alit\u00e9 devenue hors-sol","og_description":"Pand\u00e9mie et confinement engendrent un retour sur soi qui peut entra\u00eener une relecture de notre existence et de la mani\u00e8re dont \u00e0 l\u2019ordinaire nous la","og_url":"https:\/\/bozon2x.be\/blog\/une-realite-devenue-hors-sol\/","og_site_name":"BOZON2X EDITIONS","article_publisher":"https:\/\/www.facebook.com\/pages\/Bozon2x-%c3%a9ditions\/1507815722823608?ref=hl","article_published_time":"2020-04-29T13:38:59+00:00","article_modified_time":"2020-04-29T13:52:36+00:00","og_image":[{"width":572,"height":800,"url":"https:\/\/i0.wp.com\/bozon2x.be\/blog\/wp-content\/uploads\/2020\/04\/Hors-sol.jpg?fit=572%2C800&ssl=1","type":"image\/jpeg"}],"author":"Lorenzo Soccavo","twitter_card":"summary_large_image","twitter_creator":"@Bozon2xBozon","twitter_site":"@Bozon2xBozon","twitter_misc":{"\u00c9crit par":"Lorenzo Soccavo","Dur\u00e9e de lecture estim\u00e9e":"5 minutes"},"schema":{"@context":"https:\/\/schema.org","@graph":[{"@type":"Article","@id":"https:\/\/bozon2x.be\/blog\/une-realite-devenue-hors-sol\/#article","isPartOf":{"@id":"https:\/\/bozon2x.be\/blog\/une-realite-devenue-hors-sol\/"},"author":{"name":"Lorenzo Soccavo","@id":"https:\/\/bozon2x.be\/blog\/#\/schema\/person\/c46b0577d53137e54cca20229d8fd003"},"headline":"Une r\u00e9alit\u00e9 devenue hors-sol","datePublished":"2020-04-29T13:38:59+00:00","dateModified":"2020-04-29T13:52:36+00:00","mainEntityOfPage":{"@id":"https:\/\/bozon2x.be\/blog\/une-realite-devenue-hors-sol\/"},"wordCount":931,"commentCount":0,"image":{"@id":"https:\/\/bozon2x.be\/blog\/une-realite-devenue-hors-sol\/#primaryimage"},"thumbnailUrl":"https:\/\/i0.wp.com\/bozon2x.be\/blog\/wp-content\/uploads\/2020\/04\/Hors-sol.jpg?fit=572%2C800&ssl=1","keywords":["Camus","confinement","crise","Gallimard","Jean Giono","la peste","litt\u00e9rature","Lorenzo Soccavo","m\u00e9tafiction","Nancy Huston","pand\u00e9mie","Sartre"],"articleSection":["Lire et D\u00e9-lire"],"inLanguage":"fr-FR","potentialAction":[{"@type":"CommentAction","name":"Comment","target":["https:\/\/bozon2x.be\/blog\/une-realite-devenue-hors-sol\/#respond"]}]},{"@type":"WebPage","@id":"https:\/\/bozon2x.be\/blog\/une-realite-devenue-hors-sol\/","url":"https:\/\/bozon2x.be\/blog\/une-realite-devenue-hors-sol\/","name":"Une r\u00e9alit\u00e9 devenue hors-sol","isPartOf":{"@id":"https:\/\/bozon2x.be\/blog\/#website"},"primaryImageOfPage":{"@id":"https:\/\/bozon2x.be\/blog\/une-realite-devenue-hors-sol\/#primaryimage"},"image":{"@id":"https:\/\/bozon2x.be\/blog\/une-realite-devenue-hors-sol\/#primaryimage"},"thumbnailUrl":"https:\/\/i0.wp.com\/bozon2x.be\/blog\/wp-content\/uploads\/2020\/04\/Hors-sol.jpg?fit=572%2C800&ssl=1","datePublished":"2020-04-29T13:38:59+00:00","dateModified":"2020-04-29T13:52:36+00:00","author":{"@id":"https:\/\/bozon2x.be\/blog\/#\/schema\/person\/c46b0577d53137e54cca20229d8fd003"},"description":"Pand\u00e9mie et confinement engendrent un retour sur soi qui peut entra\u00eener une relecture de notre existence et de la mani\u00e8re dont \u00e0 l\u2019ordinaire nous la","breadcrumb":{"@id":"https:\/\/bozon2x.be\/blog\/une-realite-devenue-hors-sol\/#breadcrumb"},"inLanguage":"fr-FR","potentialAction":[{"@type":"ReadAction","target":["https:\/\/bozon2x.be\/blog\/une-realite-devenue-hors-sol\/"]}]},{"@type":"ImageObject","inLanguage":"fr-FR","@id":"https:\/\/bozon2x.be\/blog\/une-realite-devenue-hors-sol\/#primaryimage","url":"https:\/\/i0.wp.com\/bozon2x.be\/blog\/wp-content\/uploads\/2020\/04\/Hors-sol.jpg?fit=572%2C800&ssl=1","contentUrl":"https:\/\/i0.wp.com\/bozon2x.be\/blog\/wp-content\/uploads\/2020\/04\/Hors-sol.jpg?fit=572%2C800&ssl=1","width":572,"height":800},{"@type":"BreadcrumbList","@id":"https:\/\/bozon2x.be\/blog\/une-realite-devenue-hors-sol\/#breadcrumb","itemListElement":[{"@type":"ListItem","position":1,"name":"Accueil","item":"https:\/\/bozon2x.be\/blog\/"},{"@type":"ListItem","position":2,"name":"Une r\u00e9alit\u00e9 devenue hors-sol"}]},{"@type":"WebSite","@id":"https:\/\/bozon2x.be\/blog\/#website","url":"https:\/\/bozon2x.be\/blog\/","name":"BOZON2X EDITIONS","description":"Acc\u00e9l\u00e9rateur de particules neuronales","potentialAction":[{"@type":"SearchAction","target":{"@type":"EntryPoint","urlTemplate":"https:\/\/bozon2x.be\/blog\/?s={search_term_string}"},"query-input":{"@type":"PropertyValueSpecification","valueRequired":true,"valueName":"search_term_string"}}],"inLanguage":"fr-FR"},{"@type":"Person","@id":"https:\/\/bozon2x.be\/blog\/#\/schema\/person\/c46b0577d53137e54cca20229d8fd003","name":"Lorenzo Soccavo","image":{"@type":"ImageObject","inLanguage":"fr-FR","@id":"https:\/\/secure.gravatar.com\/avatar\/64558a12d418c5972f683eced03df2322e9ead36aaa7f0f5fe3b45c79404c0f3?s=96&d=mm&r=g","url":"https:\/\/secure.gravatar.com\/avatar\/64558a12d418c5972f683eced03df2322e9ead36aaa7f0f5fe3b45c79404c0f3?s=96&d=mm&r=g","contentUrl":"https:\/\/secure.gravatar.com\/avatar\/64558a12d418c5972f683eced03df2322e9ead36aaa7f0f5fe3b45c79404c0f3?s=96&d=mm&r=g","caption":"Lorenzo Soccavo"},"url":"https:\/\/bozon2x.be\/blog\/author\/lorenzo_soccavo\/"}]}},"jetpack_sharing_enabled":true,"jetpack_shortlink":"https:\/\/wp.me\/p5k2Xt-gV","jetpack-related-posts":[],"jetpack_featured_media_url":"https:\/\/i0.wp.com\/bozon2x.be\/blog\/wp-content\/uploads\/2020\/04\/Hors-sol.jpg?fit=572%2C800&ssl=1","_links":{"self":[{"href":"https:\/\/bozon2x.be\/blog\/wp-json\/wp\/v2\/posts\/1049","targetHints":{"allow":["GET"]}}],"collection":[{"href":"https:\/\/bozon2x.be\/blog\/wp-json\/wp\/v2\/posts"}],"about":[{"href":"https:\/\/bozon2x.be\/blog\/wp-json\/wp\/v2\/types\/post"}],"author":[{"embeddable":true,"href":"https:\/\/bozon2x.be\/blog\/wp-json\/wp\/v2\/users\/15"}],"replies":[{"embeddable":true,"href":"https:\/\/bozon2x.be\/blog\/wp-json\/wp\/v2\/comments?post=1049"}],"version-history":[{"count":4,"href":"https:\/\/bozon2x.be\/blog\/wp-json\/wp\/v2\/posts\/1049\/revisions"}],"predecessor-version":[{"id":1054,"href":"https:\/\/bozon2x.be\/blog\/wp-json\/wp\/v2\/posts\/1049\/revisions\/1054"}],"wp:featuredmedia":[{"embeddable":true,"href":"https:\/\/bozon2x.be\/blog\/wp-json\/wp\/v2\/media\/1050"}],"wp:attachment":[{"href":"https:\/\/bozon2x.be\/blog\/wp-json\/wp\/v2\/media?parent=1049"}],"wp:term":[{"taxonomy":"category","embeddable":true,"href":"https:\/\/bozon2x.be\/blog\/wp-json\/wp\/v2\/categories?post=1049"},{"taxonomy":"post_tag","embeddable":true,"href":"https:\/\/bozon2x.be\/blog\/wp-json\/wp\/v2\/tags?post=1049"}],"curies":[{"name":"wp","href":"https:\/\/api.w.org\/{rel}","templated":true}]}}